{"id":696,"date":"2024-03-14T13:16:11","date_gmt":"2024-03-14T16:16:11","guid":{"rendered":"https:\/\/lalupa24.com.ar\/?p=696"},"modified":"2024-03-14T13:20:41","modified_gmt":"2024-03-14T16:20:41","slug":"legisladores-acompanaron-a-zdero-en-la-presentacion-de-nachec-programa-social-para-familias-chaquenas","status":"publish","type":"post","link":"https:\/\/lalupa24.com.ar\/index.php\/2024\/03\/14\/legisladores-acompanaron-a-zdero-en-la-presentacion-de-nachec-programa-social-para-familias-chaquenas\/","title":{"rendered":"Legisladores acompa\u00f1aron a Zdero en la presentaci\u00f3n de \u201c\u00d1achec\u201d, programa social para familias chaque\u00f1as"},"content":{"rendered":"\n<p>La presidente de la &nbsp;C\u00e1mara de Diputados, Carmen Delgado, junto a sus pares Francisco Romero Castel\u00e1n, Iv\u00e1n Gyoker, Samuel Vargas, Rodrigo Pav\u00f3n y Dorys Arkwright, &nbsp;participaron de la presentaci\u00f3n de Programa Social Articulado Provincial \u201c\u00d1achec\u201d. El cual, seg\u00fan explic\u00f3 el Gobernador, tiene como eje promover prestaciones sociales m\u00e1s equitativas para las familias chaque\u00f1as.<br>En el Polideportivo Jaime Zapata, los legisladores fueron parte de la puesta en marcha de esta iniciativa que ser\u00e1 implementada a trav\u00e9s de Desarrollo Humano provincial y, de forma descentralizada, se aplicar\u00e1 para relevar a familias vulnerables de cada localidad. Para luego promover pol\u00edticas de inclusi\u00f3n y acceso efectivo para receptores del plan.<br>Se promover\u00e1n acciones conjuntas con municipios e instituciones de cada localidad como clubes e iglesias, entre otros; pero terminando con los intermediarios. Con el foco puesto en el orden y la transparencia, aclar\u00f3 Zdero, y subray\u00f3 que con esto se lograr\u00e1 que \u201clas personas y familias recuperen su libertad y no est\u00e9n atados a nadie\u201d, en lo que hace a la contenci\u00f3n alimentaria.<\/p>\n\n\n\n<figure class=\"wp-block-image size-large\"><img loading=\"lazy\" decoding=\"async\" width=\"1024\" height=\"683\" src=\"https:\/\/lalupa24.com.ar\/wp-content\/uploads\/2024\/03\/zdero-1-1024x683.jpeg\" alt=\"\" class=\"wp-image-700\" srcset=\"https:\/\/lalupa24.com.ar\/wp-content\/uploads\/2024\/03\/zdero-1-1024x683.jpeg 1024w, https:\/\/lalupa24.com.ar\/wp-content\/uploads\/2024\/03\/zdero-1-300x200.jpeg 300w, https:\/\/lalupa24.com.ar\/wp-content\/uploads\/2024\/03\/zdero-1-768x512.jpeg 768w, https:\/\/lalupa24.com.ar\/wp-content\/uploads\/2024\/03\/zdero-1-150x100.jpeg 150w, https:\/\/lalupa24.com.ar\/wp-content\/uploads\/2024\/03\/zdero-1-696x464.jpeg 696w, https:\/\/lalupa24.com.ar\/wp-content\/uploads\/2024\/03\/zdero-1-1068x713.jpeg 1068w, https:\/\/lalupa24.com.ar\/wp-content\/uploads\/2024\/03\/zdero-1.jpeg 1280w\" sizes=\"auto, (max-width: 1024px) 100vw, 1024px\" \/><\/figure>\n","protected":false},"excerpt":{"rendered":"<p>La presidente de la &nbsp;C\u00e1mara de Diputados, Carmen Delgado, junto a sus pares Francisco Romero Castel\u00e1n, Iv\u00e1n Gyoker, Samuel Vargas, Rodrigo Pav\u00f3n y Dorys Arkwright, &nbsp;participaron de la presentaci\u00f3n de Programa Social Articulado Provincial \u201c\u00d1achec\u201d. El cual, seg\u00fan explic\u00f3 el Gobernador, tiene como eje promover prestaciones sociales m\u00e1s equitativas para las familias chaque\u00f1as.En el Polideportivo [&hellip;]<\/p>\n","protected":false},"author":2,"featured_media":697,"comment_status":"open","ping_status":"open","sticky":false,"template":"","format":"standard","meta":{"footnotes":""},"categories":[28],"tags":[],"class_list":{"0":"post-696","1":"post","2":"type-post","3":"status-publish","4":"format-standard","5":"has-post-thumbnail","7":"category-locales"},"aioseo_notices":[],"_links":{"self":[{"href":"https:\/\/lalupa24.com.ar\/index.php\/wp-json\/wp\/v2\/posts\/696","targetHints":{"allow":["GET"]}}],"collection":[{"href":"https:\/\/lalupa24.com.ar\/index.php\/wp-json\/wp\/v2\/posts"}],"about":[{"href":"https:\/\/lalupa24.com.ar\/index.php\/wp-json\/wp\/v2\/types\/post"}],"author":[{"embeddable":true,"href":"https:\/\/lalupa24.com.ar\/index.php\/wp-json\/wp\/v2\/users\/2"}],"replies":[{"embeddable":true,"href":"https:\/\/lalupa24.com.ar\/index.php\/wp-json\/wp\/v2\/comments?post=696"}],"version-history":[{"count":2,"href":"https:\/\/lalupa24.com.ar\/index.php\/wp-json\/wp\/v2\/posts\/696\/revisions"}],"predecessor-version":[{"id":701,"href":"https:\/\/lalupa24.com.ar\/index.php\/wp-json\/wp\/v2\/posts\/696\/revisions\/701"}],"wp:featuredmedia":[{"embeddable":true,"href":"https:\/\/lalupa24.com.ar\/index.php\/wp-json\/wp\/v2\/media\/697"}],"wp:attachment":[{"href":"https:\/\/lalupa24.com.ar\/index.php\/wp-json\/wp\/v2\/media?parent=696"}],"wp:term":[{"taxonomy":"category","embeddable":true,"href":"https:\/\/lalupa24.com.ar\/index.php\/wp-json\/wp\/v2\/categories?post=696"},{"taxonomy":"post_tag","embeddable":true,"href":"https:\/\/lalupa24.com.ar\/index.php\/wp-json\/wp\/v2\/tags?post=696"}],"curies":[{"name":"wp","href":"https:\/\/api.w.org\/{rel}","templated":true}]}}