{"id":6987,"date":"2025-05-22T13:04:39","date_gmt":"2025-05-22T16:04:39","guid":{"rendered":"https:\/\/lalupa24.com.ar\/?p=6987"},"modified":"2025-05-22T13:04:40","modified_gmt":"2025-05-22T16:04:40","slug":"trump-condeno-el-asesinato-de-los-dos-israelies-en-washington-y-exigio-el-fin-del-antisemitismo-el-odio-no-tiene-cabida","status":"publish","type":"post","link":"https:\/\/lalupa24.com.ar\/index.php\/2025\/05\/22\/trump-condeno-el-asesinato-de-los-dos-israelies-en-washington-y-exigio-el-fin-del-antisemitismo-el-odio-no-tiene-cabida\/","title":{"rendered":"Trump conden\u00f3 el asesinato de los dos israel\u00edes en Washington y exigi\u00f3 el fin del antisemitismo: \u201cEl odio no tiene cabida\u201d"},"content":{"rendered":"\n<p>El presidente de Estados Unidos,\u00a0<strong>Donald Trump<\/strong>, calific\u00f3 este jueves como un\u00a0<strong>crimen de odio antisemita<\/strong>\u00a0el asesinato de dos empleados de la embajada de Israel frente al\u00a0<strong>Museo Jud\u00edo Capital<\/strong>\u00a0en Washington DC.<\/p>\n","protected":false},"excerpt":{"rendered":"<p>El presidente de Estados Unidos,\u00a0Donald Trump, calific\u00f3 este jueves como un\u00a0crimen de odio antisemita\u00a0el asesinato de dos empleados de la embajada de Israel frente al\u00a0Museo Jud\u00edo Capital\u00a0en Washington DC.<\/p>\n","protected":false},"author":2,"featured_media":6988,"comment_status":"open","ping_status":"open","sticky":false,"template":"","format":"standard","meta":{"footnotes":""},"categories":[25],"tags":[],"class_list":{"0":"post-6987","1":"post","2":"type-post","3":"status-publish","4":"format-standard","5":"has-post-thumbnail","7":"category-internacionales"},"aioseo_notices":[],"_links":{"self":[{"href":"https:\/\/lalupa24.com.ar\/index.php\/wp-json\/wp\/v2\/posts\/6987","targetHints":{"allow":["GET"]}}],"collection":[{"href":"https:\/\/lalupa24.com.ar\/index.php\/wp-json\/wp\/v2\/posts"}],"about":[{"href":"https:\/\/lalupa24.com.ar\/index.php\/wp-json\/wp\/v2\/types\/post"}],"author":[{"embeddable":true,"href":"https:\/\/lalupa24.com.ar\/index.php\/wp-json\/wp\/v2\/users\/2"}],"replies":[{"embeddable":true,"href":"https:\/\/lalupa24.com.ar\/index.php\/wp-json\/wp\/v2\/comments?post=6987"}],"version-history":[{"count":1,"href":"https:\/\/lalupa24.com.ar\/index.php\/wp-json\/wp\/v2\/posts\/6987\/revisions"}],"predecessor-version":[{"id":6989,"href":"https:\/\/lalupa24.com.ar\/index.php\/wp-json\/wp\/v2\/posts\/6987\/revisions\/6989"}],"wp:featuredmedia":[{"embeddable":true,"href":"https:\/\/lalupa24.com.ar\/index.php\/wp-json\/wp\/v2\/media\/6988"}],"wp:attachment":[{"href":"https:\/\/lalupa24.com.ar\/index.php\/wp-json\/wp\/v2\/media?parent=6987"}],"wp:term":[{"taxonomy":"category","embeddable":true,"href":"https:\/\/lalupa24.com.ar\/index.php\/wp-json\/wp\/v2\/categories?post=6987"},{"taxonomy":"post_tag","embeddable":true,"href":"https:\/\/lalupa24.com.ar\/index.php\/wp-json\/wp\/v2\/tags?post=6987"}],"curies":[{"name":"wp","href":"https:\/\/api.w.org\/{rel}","templated":true}]}}