{"id":7013,"date":"2025-05-08T22:53:00","date_gmt":"2025-05-09T01:53:00","guid":{"rendered":"https:\/\/lalupa24.com.ar\/?p=7013"},"modified":"2025-05-22T14:03:02","modified_gmt":"2025-05-22T17:03:02","slug":"primero-chaco-tenemos-convicciones-testimonio-territorio-y-la-mayor-representacion-sostuvo-magda-ayala","status":"publish","type":"post","link":"https:\/\/lalupa24.com.ar\/index.php\/2025\/05\/08\/primero-chaco-tenemos-convicciones-testimonio-territorio-y-la-mayor-representacion-sostuvo-magda-ayala\/","title":{"rendered":"Primero Chaco: \u201cTenemos convicciones, testimonio, territorio y la mayor representaci\u00f3n\u201d sostuvo Magda Ayala"},"content":{"rendered":"\n<p>Con un amplio acompa\u00f1amiento, el Frente Primero Chaco realiz\u00f3 el cierre de campa\u00f1a. Esta nueva alternativa promete ser la sorpresa en las pr\u00f3ximas elecciones legislativas.<\/p>\n\n\n\n<p>En la sede del gremio ATSA (Asociaci\u00f3n Trabajadores de la Sanidad) Filial Chaco los candidatos de la Lista 655 dieron su mensaje de cara a las elecciones que tendr\u00e1n lugar el pr\u00f3ximo domingo 11 de mayo. Agradeciendo el apoyo de los militantes y vecinos, renovaron su compromiso de trabajar en los proyectos que necesita el pueblo chaque\u00f1o.<\/p>\n\n\n\n<p>En la oportunidad, cada uno de los candidatos agradeci\u00f3 ampliamente el apoyo de cada uno de los presentes para posicionar a Primero Chaco como una alternativa en la provincia. Teniendo como base la justicia social, este Frente propone una nueva forma de hacer pol\u00edtica.<\/p>\n\n\n\n<p>\u201cEntendimos el mensaje que nos dieron los chaque\u00f1os en 2023, el pasado no funcion\u00f3 y el presente tampoco. Debemos empezar a formar una nueva alternativa que nos de esperanza\u201d, plante\u00f3 Magda Ayala. Junto a ella, estuvieron presentes encabezando el acto Atlanto \u201cPepe\u201d Honcheruk, Ariel Ledesma y otros referentes de Primero Chaco.<\/p>\n\n\n\n<p>Seguidamente, la candidata a legisladora e intendenta de Barranqueras destac\u00f3 los valores de este espacio. \u201cCreemos en el trabajo en equipo, no somos mezquinos ni peleamos, mostramos todo el tiempo escucha y no lo hacemos solo ahora en elecciones, sino todo el a\u00f1o. Con responsabilidad y respeto queremos acompa\u00f1ar a las comunidades, eso queremos mostrar en la C\u00e1mara\u201d, sostuvo.<\/p>\n\n\n\n<p>Tras recorrer cada localidad y mantener una escucha activa de las necesidades de cada sector, cada integrante de la Lista 655 renov\u00f3 su compromiso con el pueblo chaque\u00f1o.<\/p>\n\n\n\n<p>\u201cNo queremos ser oposici\u00f3n por oposici\u00f3n, queremos acompa\u00f1ar lo que est\u00e9 bien y rechazar lo que est\u00e1 mal. Tenemos convicciones, testimonio, territorio y la mayor representaci\u00f3n. Por eso le pedimos su acompa\u00f1amiento a ustedes y a todos para generar el cambio que necesita nuestra provincia\u201d, concluy\u00f3 en su mensaje Magda Ayala.<\/p>\n\n\n\n<p><\/p>\n","protected":false},"excerpt":{"rendered":"<p>Con un amplio acompa\u00f1amiento, el Frente Primero Chaco realiz\u00f3 el cierre de campa\u00f1a. Esta nueva alternativa promete ser la sorpresa en las pr\u00f3ximas elecciones legislativas. En la sede del gremio ATSA (Asociaci\u00f3n Trabajadores de la Sanidad) Filial Chaco los candidatos de la Lista 655 dieron su mensaje de cara a las elecciones que tendr\u00e1n lugar [&hellip;]<\/p>\n","protected":false},"author":11,"featured_media":7014,"comment_status":"open","ping_status":"open","sticky":false,"template":"","format":"standard","meta":{"footnotes":""},"categories":[1],"tags":[],"class_list":{"0":"post-7013","1":"post","2":"type-post","3":"status-publish","4":"format-standard","5":"has-post-thumbnail","7":"category-blog"},"aioseo_notices":[],"_links":{"self":[{"href":"https:\/\/lalupa24.com.ar\/index.php\/wp-json\/wp\/v2\/posts\/7013","targetHints":{"allow":["GET"]}}],"collection":[{"href":"https:\/\/lalupa24.com.ar\/index.php\/wp-json\/wp\/v2\/posts"}],"about":[{"href":"https:\/\/lalupa24.com.ar\/index.php\/wp-json\/wp\/v2\/types\/post"}],"author":[{"embeddable":true,"href":"https:\/\/lalupa24.com.ar\/index.php\/wp-json\/wp\/v2\/users\/11"}],"replies":[{"embeddable":true,"href":"https:\/\/lalupa24.com.ar\/index.php\/wp-json\/wp\/v2\/comments?post=7013"}],"version-history":[{"count":1,"href":"https:\/\/lalupa24.com.ar\/index.php\/wp-json\/wp\/v2\/posts\/7013\/revisions"}],"predecessor-version":[{"id":7015,"href":"https:\/\/lalupa24.com.ar\/index.php\/wp-json\/wp\/v2\/posts\/7013\/revisions\/7015"}],"wp:featuredmedia":[{"embeddable":true,"href":"https:\/\/lalupa24.com.ar\/index.php\/wp-json\/wp\/v2\/media\/7014"}],"wp:attachment":[{"href":"https:\/\/lalupa24.com.ar\/index.php\/wp-json\/wp\/v2\/media?parent=7013"}],"wp:term":[{"taxonomy":"category","embeddable":true,"href":"https:\/\/lalupa24.com.ar\/index.php\/wp-json\/wp\/v2\/categories?post=7013"},{"taxonomy":"post_tag","embeddable":true,"href":"https:\/\/lalupa24.com.ar\/index.php\/wp-json\/wp\/v2\/tags?post=7013"}],"curies":[{"name":"wp","href":"https:\/\/api.w.org\/{rel}","templated":true}]}}