{"id":7031,"date":"2025-05-22T21:52:38","date_gmt":"2025-05-23T00:52:38","guid":{"rendered":"https:\/\/lalupa24.com.ar\/?p=7031"},"modified":"2025-05-22T21:52:39","modified_gmt":"2025-05-23T00:52:39","slug":"facundo-manes-lanza-su-nuevo-espacio-politico","status":"publish","type":"post","link":"https:\/\/lalupa24.com.ar\/index.php\/2025\/05\/22\/facundo-manes-lanza-su-nuevo-espacio-politico\/","title":{"rendered":"Facundo Manes lanza su nuevo espacio pol\u00edtico"},"content":{"rendered":"\n<p>El evento se llevar\u00e1 a cabo este viernes en Tigre. El anuncio coincidi\u00f3 con la salida de su hermano de la conducci\u00f3n del radicalismo. Llam\u00f3 a la gesti\u00f3n de Javier Milei de \u201cpresente destructivo sin futuro\u201d.<\/p>\n\n\n\n<p>El diputado nacional Facundo Manes (Democracia para Siempre), quien vence su mandato en este per\u00edodo, anunci\u00f3 que este viernes va a lanzar su nuevo espacio pol\u00edtico en Tigre acompa\u00f1ado por dirigentes y referentes de la sociedad civil. \u201cEstamos convencidos de que Argentina necesita una alternativa al fracaso del pasado y a este presente destructivo sin futuro\u201d, refiri\u00f3.<\/p>\n\n\n\n<p>El evento se llevar\u00e1 a cabo en la que fuera casa de fin de semana del ex presidente Domingo F. Sarmiento por considerarla un \u201clugar cargado de simbolismo pol\u00edtico y cultural\u201d. Seg\u00fan el entorno del diputado nacional, \u201cel nuevo espacio buscar\u00e1 proponer una alternativa tanto a Javier Milei como al kirchnerismo en las elecciones legislativas de octubre\u201d.<\/p>\n\n\n\n<p>Este anuncio coincide con la renuncia de su hermano, Gast\u00f3n Manes, a la presidencia de la Convenci\u00f3n Nacional de la Uni\u00f3n C\u00edvica Radical, expresando diferencias con la gesti\u00f3n del actual titular Mart\u00edn Lousteau.<\/p>\n\n\n\n<p>Asimismo, desde el entorno de Manes se\u00f1alaron que \u201cla convocatoria incluye a radicales, peronistas y ciudadanos sin afiliaciones, con un posicionamiento opositor al gobierno de Milei\u201d.<\/p>\n\n\n\n<p>El neurocient\u00edfico accedi\u00f3 a una banca en la C\u00e1mara de Diputados en las elecciones del 2021 cuando integr\u00f3 la boleta de Juntos por elCambio en la provincia de Buenos Aires. En los \u00faltimos meses, su figura tom\u00f3 repercusi\u00f3n por el fuerte cruce con posterior denuncia que tuvo con el asesor presidencial Santiago Caputo.<\/p>\n\n\n\n<p>Desde su jura como legislador nacional, Manes integr\u00f3 el bloque de la Uni\u00f3n C\u00edvica Radical. En diciembre de 2023 se postul\u00f3 como candidato a jefe de bloque, pero el grueso de la bancada eligi\u00f3 a Rodrigo de Loredo. Tras meses de discrepancias, en octubre del 2024, \u00e9l junto a otros 11 diputados conformaron Democracia para Siempre.<\/p>\n","protected":false},"excerpt":{"rendered":"<p>El evento se llevar\u00e1 a cabo este viernes en Tigre. El anuncio coincidi\u00f3 con la salida de su hermano de la conducci\u00f3n del radicalismo. Llam\u00f3 a la gesti\u00f3n de Javier Milei de \u201cpresente destructivo sin futuro\u201d. El diputado nacional Facundo Manes (Democracia para Siempre), quien vence su mandato en este per\u00edodo, anunci\u00f3 que este viernes [&hellip;]<\/p>\n","protected":false},"author":11,"featured_media":7032,"comment_status":"open","ping_status":"open","sticky":false,"template":"","format":"standard","meta":{"footnotes":""},"categories":[26],"tags":[],"class_list":{"0":"post-7031","1":"post","2":"type-post","3":"status-publish","4":"format-standard","5":"has-post-thumbnail","7":"category-nacionales"},"aioseo_notices":[],"_links":{"self":[{"href":"https:\/\/lalupa24.com.ar\/index.php\/wp-json\/wp\/v2\/posts\/7031","targetHints":{"allow":["GET"]}}],"collection":[{"href":"https:\/\/lalupa24.com.ar\/index.php\/wp-json\/wp\/v2\/posts"}],"about":[{"href":"https:\/\/lalupa24.com.ar\/index.php\/wp-json\/wp\/v2\/types\/post"}],"author":[{"embeddable":true,"href":"https:\/\/lalupa24.com.ar\/index.php\/wp-json\/wp\/v2\/users\/11"}],"replies":[{"embeddable":true,"href":"https:\/\/lalupa24.com.ar\/index.php\/wp-json\/wp\/v2\/comments?post=7031"}],"version-history":[{"count":1,"href":"https:\/\/lalupa24.com.ar\/index.php\/wp-json\/wp\/v2\/posts\/7031\/revisions"}],"predecessor-version":[{"id":7033,"href":"https:\/\/lalupa24.com.ar\/index.php\/wp-json\/wp\/v2\/posts\/7031\/revisions\/7033"}],"wp:featuredmedia":[{"embeddable":true,"href":"https:\/\/lalupa24.com.ar\/index.php\/wp-json\/wp\/v2\/media\/7032"}],"wp:attachment":[{"href":"https:\/\/lalupa24.com.ar\/index.php\/wp-json\/wp\/v2\/media?parent=7031"}],"wp:term":[{"taxonomy":"category","embeddable":true,"href":"https:\/\/lalupa24.com.ar\/index.php\/wp-json\/wp\/v2\/categories?post=7031"},{"taxonomy":"post_tag","embeddable":true,"href":"https:\/\/lalupa24.com.ar\/index.php\/wp-json\/wp\/v2\/tags?post=7031"}],"curies":[{"name":"wp","href":"https:\/\/api.w.org\/{rel}","templated":true}]}}