{"id":705,"date":"2024-03-14T15:27:17","date_gmt":"2024-03-14T18:27:17","guid":{"rendered":"https:\/\/lalupa24.com.ar\/?p=705"},"modified":"2024-03-14T15:31:09","modified_gmt":"2024-03-14T18:31:09","slug":"carlos-garcia-tenemos-que-dejar-las-banderas-politicas-y-encontrar-el-camino-para-resolver-los-problemas-de-la-gente","status":"publish","type":"post","link":"https:\/\/lalupa24.com.ar\/index.php\/2024\/03\/14\/carlos-garcia-tenemos-que-dejar-las-banderas-politicas-y-encontrar-el-camino-para-resolver-los-problemas-de-la-gente\/","title":{"rendered":"Carlos Garc\u00eda: &#8220;Tenemos que dejar las banderas pol\u00edticas y encontrar el camino para resolver los problemas de la gente&#8221;"},"content":{"rendered":"\n<p><strong>El viernes estar\u00e1 en&nbsp; Resistencia el Presidente del Bloque de La Libertad Avanza en la C\u00e1mara de Diputados&nbsp; Oscar Zago. El diputado nacional por la Libertad Avanza hizo referencia a la reuni\u00f3n con referentes por este espacio pol\u00edtico, adem\u00e1s de analizar el contexto socio &#8211; pol\u00edtico nacional y provincial.<\/strong><\/p>\n\n\n\n<p>El diputado nacional de la Libertad Avanza por la provincia del Chaco, Carlos Garc\u00eda, realiz\u00f3 un an\u00e1lisis de lo que ser\u00e1 la reuni\u00f3n de referentes provinciales que se realizar\u00e1 este viernes 15 en la ciudad de S\u00e1enz Pe\u00f1a y que contar\u00e1 con la presencia del presidente del Bloque de Diputados Nacionales por este espacio pol\u00edtico, Oscar Zago. Adem\u00e1s, analiz\u00f3 el contexto pol\u00edtico a nivel nacional, las medidas y pretensiones del Gobierno nacional, como as\u00ed tambi\u00e9n la actualidad provincial y su relaci\u00f3n con el gobernador Leandro Zdero.<\/p>\n\n\n\n<p>&#8220;Para nosotros es algo muy significativo, porque contar con el presidente del Bloque de La Libertad Avanza significa mucho, tanto para fortalecer y dar respaldo como espacio pol\u00edtico en la provincia, pero adem\u00e1s con la intenci\u00f3n de hacer contacto de manera personal con los referentes provinciales, ciudadan\u00eda, instituciones y comerciantes de nuestra comunicad, escuch\u00e1ndolos a todos que es lo m\u00e1s importante&#8221;, remarc\u00f3 el diputado de LLA, Carlos Garc\u00eda.<\/p>\n\n\n\n<p>La reuni\u00f3n con referentes del interior provincial de La Libertad Avanza est\u00e1 programada para este viernes 15, en el sal\u00f3n de eventos &#8220;Damalis&#8221; (calle 51, entre calle 4 y calle 6) en la ciudad de S\u00e1enz Pe\u00f1a. &#8220;La idea es que Oscar (Zago) conozca el interior del Chaco y que escuche a la ciudadan\u00eda y a todos los sectores que se quieran acercar&#8221;, afirm\u00f3 el legislador Carlos Garc\u00eda.<\/p>\n\n\n\n<p><strong>&#8220;La casta pol\u00edtica que se resiste y no quiere perder sus privilegios&#8221;<\/strong><\/p>\n\n\n\n<p>Por otra parte, el diputado Garc\u00eda realiz\u00f3 un an\u00e1lisis muy profundo a nivel nacional y todas las decisiones que traen las pol\u00edticas que busca implementar el presidente Javier Milei, quien fue elegido presidente de los argentinos y obteniendo un triunfo en primera vuelta. &#8220;A nivel nacional el presidente Javier Milei desde que empez\u00f3 a gobernar nos envi\u00f3 proyectos en el cual pretend\u00edamos trabajar y nosotros entendemos que son las herramientas que este Gobierno necesita para que la Argentina salga adelante&#8221;, explic\u00f3 Garc\u00eda.<\/p>\n\n\n\n<p>&#8220;Entendemos que hay sectores de la pol\u00edtica que ese cambio no se produzca, que el pueblo argentino en su mayor\u00eda vot\u00f3 en diciembre para ese cambio&nbsp; pero es la casta pol\u00edtica que se resiste y no quiere perder sus privilegios&#8221;, dej\u00f3 en claro.<\/p>\n\n\n\n<p>&#8220;El presidente Milei est\u00e1 tratando de recuperar y sacar adelante el pa\u00eds, teniendo leyes como la previsional, de bases, equilibrar las cuentas, d\u00e9ficit&nbsp; cero, para que el pa\u00eds se ordene y se pueda tener confianza resolver, adem\u00e1s de resolver la inflaci\u00f3n, la seguridad y otros aspectos que nos preocupa a todos&#8221;, finaliz\u00f3 Garc\u00eda.<\/p>\n\n\n\n<p><strong>&#8220;Tengo una muy buena relaci\u00f3n con el gobernador Leandro Zdero&#8221;<\/strong><\/p>\n\n\n\n<p>Finalmente, el diputado nacional Carlos Garc\u00eda, tambi\u00e9n brind\u00f3 un panorama sobre la actualidad provincial, manifestando que &#8220;tengo una muy buena relaci\u00f3n con el gobernador Leandro Zdero, que tiene que ver con la provincia y nosotros tenemos que dejar las banderas pol\u00edticas y ver de que manera encontrar el camino para resolver los problemas de la gente&#8221;. El Diputado Oscar Zago visitara Chaco este fin de semana.<img loading=\"lazy\" decoding=\"async\" width=\"1366\" height=\"843\" class=\"wp-image-707\" style=\"width: 150px\" src=\"https:\/\/lalupa24.com.ar\/wp-content\/uploads\/2024\/03\/zago.webp\" alt=\"Presidente del Bloque de  Diputados LLA estara en  Chaco Viernes y Sabado\" srcset=\"https:\/\/lalupa24.com.ar\/wp-content\/uploads\/2024\/03\/zago.webp 1366w, https:\/\/lalupa24.com.ar\/wp-content\/uploads\/2024\/03\/zago-300x185.webp 300w, https:\/\/lalupa24.com.ar\/wp-content\/uploads\/2024\/03\/zago-1024x632.webp 1024w, https:\/\/lalupa24.com.ar\/wp-content\/uploads\/2024\/03\/zago-768x474.webp 768w, https:\/\/lalupa24.com.ar\/wp-content\/uploads\/2024\/03\/zago-150x93.webp 150w, https:\/\/lalupa24.com.ar\/wp-content\/uploads\/2024\/03\/zago-696x430.webp 696w, https:\/\/lalupa24.com.ar\/wp-content\/uploads\/2024\/03\/zago-1068x659.webp 1068w\" sizes=\"auto, (max-width: 1366px) 100vw, 1366px\" \/><\/p>\n","protected":false},"excerpt":{"rendered":"<p>El viernes estar\u00e1 en&nbsp; Resistencia el Presidente del Bloque de La Libertad Avanza en la C\u00e1mara de Diputados&nbsp; Oscar Zago. El diputado nacional por la Libertad Avanza hizo referencia a la reuni\u00f3n con referentes por este espacio pol\u00edtico, adem\u00e1s de analizar el contexto socio &#8211; pol\u00edtico nacional y provincial. El diputado nacional de la Libertad [&hellip;]<\/p>\n","protected":false},"author":2,"featured_media":706,"comment_status":"open","ping_status":"open","sticky":false,"template":"","format":"standard","meta":{"footnotes":""},"categories":[28],"tags":[],"class_list":{"0":"post-705","1":"post","2":"type-post","3":"status-publish","4":"format-standard","5":"has-post-thumbnail","7":"category-locales"},"aioseo_notices":[],"_links":{"self":[{"href":"https:\/\/lalupa24.com.ar\/index.php\/wp-json\/wp\/v2\/posts\/705","targetHints":{"allow":["GET"]}}],"collection":[{"href":"https:\/\/lalupa24.com.ar\/index.php\/wp-json\/wp\/v2\/posts"}],"about":[{"href":"https:\/\/lalupa24.com.ar\/index.php\/wp-json\/wp\/v2\/types\/post"}],"author":[{"embeddable":true,"href":"https:\/\/lalupa24.com.ar\/index.php\/wp-json\/wp\/v2\/users\/2"}],"replies":[{"embeddable":true,"href":"https:\/\/lalupa24.com.ar\/index.php\/wp-json\/wp\/v2\/comments?post=705"}],"version-history":[{"count":2,"href":"https:\/\/lalupa24.com.ar\/index.php\/wp-json\/wp\/v2\/posts\/705\/revisions"}],"predecessor-version":[{"id":710,"href":"https:\/\/lalupa24.com.ar\/index.php\/wp-json\/wp\/v2\/posts\/705\/revisions\/710"}],"wp:featuredmedia":[{"embeddable":true,"href":"https:\/\/lalupa24.com.ar\/index.php\/wp-json\/wp\/v2\/media\/706"}],"wp:attachment":[{"href":"https:\/\/lalupa24.com.ar\/index.php\/wp-json\/wp\/v2\/media?parent=705"}],"wp:term":[{"taxonomy":"category","embeddable":true,"href":"https:\/\/lalupa24.com.ar\/index.php\/wp-json\/wp\/v2\/categories?post=705"},{"taxonomy":"post_tag","embeddable":true,"href":"https:\/\/lalupa24.com.ar\/index.php\/wp-json\/wp\/v2\/tags?post=705"}],"curies":[{"name":"wp","href":"https:\/\/api.w.org\/{rel}","templated":true}]}}