{"id":7057,"date":"2025-05-23T12:21:16","date_gmt":"2025-05-23T15:21:16","guid":{"rendered":"https:\/\/lalupa24.com.ar\/?p=7057"},"modified":"2025-05-23T12:21:18","modified_gmt":"2025-05-23T15:21:18","slug":"el-gobernador-recibio-esta-manana-al-ministro-neves-de-la-embajada-alemana","status":"publish","type":"post","link":"https:\/\/lalupa24.com.ar\/index.php\/2025\/05\/23\/el-gobernador-recibio-esta-manana-al-ministro-neves-de-la-embajada-alemana\/","title":{"rendered":"El gobernador recibio esta ma\u00f1ana al ministro Neves, de la embajada Alemana"},"content":{"rendered":"\n<p><\/p>\n\n\n\n<p>Este viernes, en el Sal\u00f3n de Acuerdos de Casa de Gobierno, fue recibido el ministro Peter Neven, quien lleg\u00f3 por primera vez a la provincia para homenajear a las comunidades alemanas instaladas, y fortalecer relaciones con el gobierno chaque\u00f1o.<\/p>\n\n\n\n<p>El gobernador Leandro Zdero y la vicegobernadora Silvana Schneider recibieron al ministro de la Embajada de Alemania, Peter Neven, que se encuentra en la provincia en el marco de la conmemoraci\u00f3n de los 200 a\u00f1os de la inmigraci\u00f3n alemana a la Argentina.<br>El embajador visitar\u00e1, por primera vez, a las comunidades alemanas instaladas en Chaco con el fin de homenajearlas y reconocer sus trabajos que contribuyeron al desarrollo del pa\u00eds. \u201cEl contacto directo con las familias siempre es importante para adquirir una impresi\u00f3n m\u00e1s clara de lo que sucede\u201d, se\u00f1al\u00f3.<br>Neven agradeci\u00f3 el recibimiento de los funcionarios provinciales. \u201cBuscamos fortalecer las relaciones futuras con el gobierno chaque\u00f1o, las relaciones con las provincias son muy importantes para nosotros ya que Alemania, al igual que Argentina, es un pa\u00eds federal\u201d, finaliz\u00f3.<\/p>\n","protected":false},"excerpt":{"rendered":"<p>Este viernes, en el Sal\u00f3n de Acuerdos de Casa de Gobierno, fue recibido el ministro Peter Neven, quien lleg\u00f3 por primera vez a la provincia para homenajear a las comunidades alemanas instaladas, y fortalecer relaciones con el gobierno chaque\u00f1o. El gobernador Leandro Zdero y la vicegobernadora Silvana Schneider recibieron al ministro de la Embajada de [&hellip;]<\/p>\n","protected":false},"author":2,"featured_media":7058,"comment_status":"open","ping_status":"open","sticky":false,"template":"","format":"standard","meta":{"footnotes":""},"categories":[28],"tags":[],"class_list":{"0":"post-7057","1":"post","2":"type-post","3":"status-publish","4":"format-standard","5":"has-post-thumbnail","7":"category-locales"},"aioseo_notices":[],"_links":{"self":[{"href":"https:\/\/lalupa24.com.ar\/index.php\/wp-json\/wp\/v2\/posts\/7057","targetHints":{"allow":["GET"]}}],"collection":[{"href":"https:\/\/lalupa24.com.ar\/index.php\/wp-json\/wp\/v2\/posts"}],"about":[{"href":"https:\/\/lalupa24.com.ar\/index.php\/wp-json\/wp\/v2\/types\/post"}],"author":[{"embeddable":true,"href":"https:\/\/lalupa24.com.ar\/index.php\/wp-json\/wp\/v2\/users\/2"}],"replies":[{"embeddable":true,"href":"https:\/\/lalupa24.com.ar\/index.php\/wp-json\/wp\/v2\/comments?post=7057"}],"version-history":[{"count":1,"href":"https:\/\/lalupa24.com.ar\/index.php\/wp-json\/wp\/v2\/posts\/7057\/revisions"}],"predecessor-version":[{"id":7059,"href":"https:\/\/lalupa24.com.ar\/index.php\/wp-json\/wp\/v2\/posts\/7057\/revisions\/7059"}],"wp:featuredmedia":[{"embeddable":true,"href":"https:\/\/lalupa24.com.ar\/index.php\/wp-json\/wp\/v2\/media\/7058"}],"wp:attachment":[{"href":"https:\/\/lalupa24.com.ar\/index.php\/wp-json\/wp\/v2\/media?parent=7057"}],"wp:term":[{"taxonomy":"category","embeddable":true,"href":"https:\/\/lalupa24.com.ar\/index.php\/wp-json\/wp\/v2\/categories?post=7057"},{"taxonomy":"post_tag","embeddable":true,"href":"https:\/\/lalupa24.com.ar\/index.php\/wp-json\/wp\/v2\/tags?post=7057"}],"curies":[{"name":"wp","href":"https:\/\/api.w.org\/{rel}","templated":true}]}}