{"id":7060,"date":"2025-05-23T12:26:45","date_gmt":"2025-05-23T15:26:45","guid":{"rendered":"https:\/\/lalupa24.com.ar\/?p=7060"},"modified":"2025-05-23T12:28:12","modified_gmt":"2025-05-23T15:28:12","slug":"lilo-y-stich-abrio-las-funciones-distendidas-en-cenemacenter","status":"publish","type":"post","link":"https:\/\/lalupa24.com.ar\/index.php\/2025\/05\/23\/lilo-y-stich-abrio-las-funciones-distendidas-en-cenemacenter\/","title":{"rendered":"&#8220;Lilo y Stich&#8221; abri\u00f3 las funciones distendidas en cinemacenter"},"content":{"rendered":"\n<p><\/p>\n\n\n\n<p>La cadena tom\u00f3 una propuesta que se est\u00e1 analizando en el Concejo Municipal y apunta a la generaci\u00f3n de condiciones especiales en exhibiciones de cine para personas neurodivergentes o con Trastornos del Espectro Autista.<\/p>\n\n\n\n<p>Este jueves, una de las salas de la cadena, ubicada en la intersecci\u00f3n de \u00c1valos y Lavalle, aprovech\u00f3 una de las funciones estreno del nuevo tanque infantil Lilo y Stich; acondicion\u00e1ndola seg\u00fan lo propuesto en el Proyecto de Ordenanza.<\/p>\n\n\n\n<p>Vanesa Ort\u00edz, encargada de Cinemacenter \u00c1valos, record\u00f3 que ya se hab\u00eda hecho una experiencia similar con Mal\u00e9fica y ahora buscan sumarse al nuevo impulso de la propuesta. \u201cHab\u00edamos tenido una reuni\u00f3n con el municipio sobre esto y esta pel\u00edcula nos pareci\u00f3 la mejor oportunidad como para poder empezar; en la p\u00e1gina cinemacenter.com.ar van a poder ver toda nuestra cartelera y all\u00ed estar\u00e1 separado lo que es el cine distendido\u201d, detall\u00f3.<\/p>\n\n\n\n<p>Anal\u00eda Ver\u00f3n, promotora de la regulaci\u00f3n para Funciones Distendidas en el Concejo Municipal, dijo: \u201cEl cine distendido es una funci\u00f3n adaptada para personas neurodivergentes o con Trastornos del Espectro Autista; donde la sala est\u00e1 acondicionada seg\u00fan sus necesidades\u201d.<\/p>\n\n\n\n<p>\u201cEsta es una iniciativa m\u00eda que todav\u00eda que todav\u00eda no ha sido promulgada; pero tengo que agradecer a la cadena que cuando los invitamos a la comisi\u00f3n de Salud recepcionaron la idea y la aplicaron a\u00fan sin estar aprobada\u201d, subray\u00f3.<\/p>\n\n\n\n<p>Dana tiene 7 a\u00f1os, est\u00e1 diagnosticada con trastorno del espectro autista y retraso madurativo. Sus padres la acompa\u00f1aron este jueves a su primera experiencia en una sala de cine y toda la familia lo vivi\u00f3 como una ocasi\u00f3n muy especial.<\/p>\n\n\n\n<p>Diego Baz\u00e1n, su pap\u00e1, no paraba de agradecer la iniciativa promovida desde el Concejo Municipal y acompa\u00f1ada por la cadena Cinemacenter.<\/p>\n\n\n\n<p>\u201cNosotros nunca pensamos que podr\u00edamos traerla al cine con normalidad y gracias a esto podemos disfrutar en familia; esto es la verdadera inclusi\u00f3n\u201d, repet\u00eda Diego a quien quisiera escuchar.<\/p>\n\n\n\n<p>En ese contexto, profundiz\u00f3 sobre las caracter\u00edsticas que demanda poder tener a Dana en una sala de cine: \u201cElla es sensible al ruido muy elevado, le molesta; tambi\u00e9n las luces; entonces esto para nosotros es muy importante porque siempre quisimos venir al cine como familia, pero no sab\u00edamos si \u00edbamos a durar dentro de la sala\u201d.<\/p>\n","protected":false},"excerpt":{"rendered":"<p>La cadena tom\u00f3 una propuesta que se est\u00e1 analizando en el Concejo Municipal y apunta a la generaci\u00f3n de condiciones especiales en exhibiciones de cine para personas neurodivergentes o con Trastornos del Espectro Autista. Este jueves, una de las salas de la cadena, ubicada en la intersecci\u00f3n de \u00c1valos y Lavalle, aprovech\u00f3 una de las [&hellip;]<\/p>\n","protected":false},"author":2,"featured_media":7061,"comment_status":"open","ping_status":"open","sticky":false,"template":"","format":"standard","meta":{"footnotes":""},"categories":[28],"tags":[],"class_list":{"0":"post-7060","1":"post","2":"type-post","3":"status-publish","4":"format-standard","5":"has-post-thumbnail","7":"category-locales"},"aioseo_notices":[],"_links":{"self":[{"href":"https:\/\/lalupa24.com.ar\/index.php\/wp-json\/wp\/v2\/posts\/7060","targetHints":{"allow":["GET"]}}],"collection":[{"href":"https:\/\/lalupa24.com.ar\/index.php\/wp-json\/wp\/v2\/posts"}],"about":[{"href":"https:\/\/lalupa24.com.ar\/index.php\/wp-json\/wp\/v2\/types\/post"}],"author":[{"embeddable":true,"href":"https:\/\/lalupa24.com.ar\/index.php\/wp-json\/wp\/v2\/users\/2"}],"replies":[{"embeddable":true,"href":"https:\/\/lalupa24.com.ar\/index.php\/wp-json\/wp\/v2\/comments?post=7060"}],"version-history":[{"count":2,"href":"https:\/\/lalupa24.com.ar\/index.php\/wp-json\/wp\/v2\/posts\/7060\/revisions"}],"predecessor-version":[{"id":7064,"href":"https:\/\/lalupa24.com.ar\/index.php\/wp-json\/wp\/v2\/posts\/7060\/revisions\/7064"}],"wp:featuredmedia":[{"embeddable":true,"href":"https:\/\/lalupa24.com.ar\/index.php\/wp-json\/wp\/v2\/media\/7061"}],"wp:attachment":[{"href":"https:\/\/lalupa24.com.ar\/index.php\/wp-json\/wp\/v2\/media?parent=7060"}],"wp:term":[{"taxonomy":"category","embeddable":true,"href":"https:\/\/lalupa24.com.ar\/index.php\/wp-json\/wp\/v2\/categories?post=7060"},{"taxonomy":"post_tag","embeddable":true,"href":"https:\/\/lalupa24.com.ar\/index.php\/wp-json\/wp\/v2\/tags?post=7060"}],"curies":[{"name":"wp","href":"https:\/\/api.w.org\/{rel}","templated":true}]}}