{"id":711,"date":"2024-03-14T16:19:32","date_gmt":"2024-03-14T19:19:32","guid":{"rendered":"https:\/\/lalupa24.com.ar\/?p=711"},"modified":"2024-03-14T16:19:33","modified_gmt":"2024-03-14T19:19:33","slug":"resistencia-se-encuentra-dentro-de-los-8-municipios-reconocidos-en-el-programa-muna-de-unicef","status":"publish","type":"post","link":"https:\/\/lalupa24.com.ar\/index.php\/2024\/03\/14\/resistencia-se-encuentra-dentro-de-los-8-municipios-reconocidos-en-el-programa-muna-de-unicef\/","title":{"rendered":"Resistencia se encuentra dentro de los 8 municipios reconocidos en el programa MUNA  de UNICEF"},"content":{"rendered":"\n<p>La Comuna de Resistencia fue reconocida por UNICEF por el aporte al programa Municipios Unidos Por la Ni\u00f1ez y a Adolescencia (MUNA), iniciativa que aborda la situaci\u00f3n de este sector de la sociedad, en pos de brindar soluciones a sus demandas.<\/p>\n\n\n\n<p>El intendente Roy Nikisch destac\u00f3 este emprendimiento, indicando que \u201cen los pr\u00f3ximos 3 a\u00f1os de gesti\u00f3n vamos a ejecutarlo, trabajando de manera conjunta con MUNA para las cuestiones espec\u00edficas\u201d.<\/p>\n\n\n\n<p>Resalt\u00f3 que \u201ces necesario saber d\u00f3nde estamos parados, qu\u00e9 medidas se deben hacer por los ni\u00f1os y adolescentes, es una cuesti\u00f3n que le daremos continuidad\u201d, subray\u00f3.<\/p>\n\n\n\n<p>Sobre la implementaci\u00f3n del programa, consider\u00f3 que \u201cse encuentra bien distribuida en la provincia, hay gente con mucha experiencia, podremos aprender de ella, saber donde arrancar, tener su hoja de ruta y cu\u00e1les son los objetivos\u201d.<\/p>\n\n\n\n<p>Record\u00f3 que se ajustar\u00e1n los detalles de las evaluaciones realizadas en 2023 y, en ese marco, una de las premisas es recorrer los barrios para concienciar y capacitar a la comunidad.<\/p>\n\n\n\n<p>Por su parte, Valeria Cruz, a cargo de la Defensor\u00eda de Ni\u00f1os, Ni\u00f1as y Adolecentes, dijo que \u201ces un d\u00eda muy especial, venimos trabajando desde que Resistencia se comprometi\u00f3 con UNICEF\u201d.<\/p>\n\n\n\n<p>\u201cLos municipios estamos en cercan\u00eda con la ciudadan\u00eda, trabajamos en territorio y, a trav\u00e9s de ello, con esta nueva gesti\u00f3n se afianza el programa, cumpliendo los objetivos de manera real\u201d, observ\u00f3.<\/p>\n\n\n\n<p>Mientras que Pablo Mujica, secretario municipal de Desarrollo Humano, consign\u00f3 que \u201cm\u00e1s que un reconocimiento, es un desaf\u00edo, asumimos con un d\u00e9ficit en cuanto a informaci\u00f3n de la gesti\u00f3n anterior pero lo encaramos a trav\u00e9s del trabajo t\u00e9cnico de MUNA\u201d.<\/p>\n\n\n\n<p>\u201cHubo una etapa de definici\u00f3n de los objetivos y ahora lleg\u00f3 la de acci\u00f3n, siguiendo las indicaciones del intendente de tener resultados en cada una de las acciones, tenemos programas que no son los mismos de la gesti\u00f3n anterior pero tienen un abordaje similar en lo que refiere al desarrollo de la ni\u00f1ez y adolescencia\u201d, se\u00f1al\u00f3 y finaliz\u00f3 diciendo que \u201cse le dar\u00e1 protagonismo al personal municipal que est\u00e1 en contacto directo con la gente\u201d.<\/p>\n","protected":false},"excerpt":{"rendered":"<p>La Comuna de Resistencia fue reconocida por UNICEF por el aporte al programa Municipios Unidos Por la Ni\u00f1ez y a Adolescencia (MUNA), iniciativa que aborda la situaci\u00f3n de este sector de la sociedad, en pos de brindar soluciones a sus demandas. El intendente Roy Nikisch destac\u00f3 este emprendimiento, indicando que \u201cen los pr\u00f3ximos 3 a\u00f1os [&hellip;]<\/p>\n","protected":false},"author":2,"featured_media":712,"comment_status":"open","ping_status":"open","sticky":false,"template":"","format":"standard","meta":{"footnotes":""},"categories":[28],"tags":[],"class_list":{"0":"post-711","1":"post","2":"type-post","3":"status-publish","4":"format-standard","5":"has-post-thumbnail","7":"category-locales"},"aioseo_notices":[],"_links":{"self":[{"href":"https:\/\/lalupa24.com.ar\/index.php\/wp-json\/wp\/v2\/posts\/711","targetHints":{"allow":["GET"]}}],"collection":[{"href":"https:\/\/lalupa24.com.ar\/index.php\/wp-json\/wp\/v2\/posts"}],"about":[{"href":"https:\/\/lalupa24.com.ar\/index.php\/wp-json\/wp\/v2\/types\/post"}],"author":[{"embeddable":true,"href":"https:\/\/lalupa24.com.ar\/index.php\/wp-json\/wp\/v2\/users\/2"}],"replies":[{"embeddable":true,"href":"https:\/\/lalupa24.com.ar\/index.php\/wp-json\/wp\/v2\/comments?post=711"}],"version-history":[{"count":1,"href":"https:\/\/lalupa24.com.ar\/index.php\/wp-json\/wp\/v2\/posts\/711\/revisions"}],"predecessor-version":[{"id":713,"href":"https:\/\/lalupa24.com.ar\/index.php\/wp-json\/wp\/v2\/posts\/711\/revisions\/713"}],"wp:featuredmedia":[{"embeddable":true,"href":"https:\/\/lalupa24.com.ar\/index.php\/wp-json\/wp\/v2\/media\/712"}],"wp:attachment":[{"href":"https:\/\/lalupa24.com.ar\/index.php\/wp-json\/wp\/v2\/media?parent=711"}],"wp:term":[{"taxonomy":"category","embeddable":true,"href":"https:\/\/lalupa24.com.ar\/index.php\/wp-json\/wp\/v2\/categories?post=711"},{"taxonomy":"post_tag","embeddable":true,"href":"https:\/\/lalupa24.com.ar\/index.php\/wp-json\/wp\/v2\/tags?post=711"}],"curies":[{"name":"wp","href":"https:\/\/api.w.org\/{rel}","templated":true}]}}