{"id":7110,"date":"2025-05-25T21:44:00","date_gmt":"2025-05-26T00:44:00","guid":{"rendered":"https:\/\/lalupa24.com.ar\/?p=7110"},"modified":"2025-05-25T20:45:43","modified_gmt":"2025-05-25T23:45:43","slug":"leon-xiv-rinde-homenaje-a-francisco-nos-enseno-a-escuchar-el-doble-grito-de-la-tierra-y-de-los-pobres","status":"publish","type":"post","link":"https:\/\/lalupa24.com.ar\/index.php\/2025\/05\/25\/leon-xiv-rinde-homenaje-a-francisco-nos-enseno-a-escuchar-el-doble-grito-de-la-tierra-y-de-los-pobres\/","title":{"rendered":"Le\u00f3n XIV rinde homenaje a Francisco: &#8220;Nos ense\u00f1\u00f3 a escuchar el doble grito de la tierra y de los pobres&#8221;"},"content":{"rendered":"\n<p>El Papa rez\u00f3 su primer Regina Coeli desde el estudio del Palacio Apost\u00f3lico y destac\u00f3 la profunda influencia de la enc\u00edclica &#8216;Laudato si&#8217;.<\/p>\n\n\n\n<p>El papa Le\u00f3n XIV rez\u00f3 este mediod\u00eda su primer Regina Coeli desde el estudio del Palacio Apost\u00f3lico, en una jornada que conmemor\u00f3 el d\u00e9cimo aniversario de la enc\u00edclica &#8216;Laudato si&#8221; del papa Francisco. Con una notable energ\u00eda en sus pronunciamientos, el Pont\u00edfice destac\u00f3 la profunda influencia de este documento que, seg\u00fan sus palabras, &#8220;nos ense\u00f1\u00f3 a todos a escuchar el doble grito de la tierra y de los pobres&#8221;.<\/p>\n\n\n\n<p>A diferencia de su primer Regina Coeli, que fue desde la logia central de la Bas\u00edlica de San Pedro, y el segundo, directamente desde la plaza tras la misa de inicio de pontificado, esta vez la oraci\u00f3n mariana fue entonada por Robert Francis Prevost, una costumbre que parece afianzarse como tradici\u00f3n en su pontificado.<\/p>\n\n\n\n<p>El legado de Francisco y el doble grito<\/p>\n\n\n\n<p>Le\u00f3n XIV hizo hincapi\u00e9 en la vigencia de la &#8216;Laudato si&#8221;, subrayando la extraordinaria acogida que tuvo desde su firma hace una d\u00e9cada. &#8220;Hace 10 a\u00f1os, el Pont\u00edfice firmaba la enc\u00edclica que nos invitaba a cuidar la casa Com\u00fan, esta ha tenido una extraordinaria acogida, ense\u00f1\u00e1ndonos a todos a escuchar el doble grito de la tierra y de los pobres&#8221;, afirm\u00f3. Adem\u00e1s, el Papa alent\u00f3 el compromiso del Movimiento Laudato Si y de &#8220;todos aquellos que llevan adelante este compromiso&#8221;, reconociendo la labor de quienes trabajan por el cuidado del medio ambiente y la justicia social.<\/p>\n\n\n\n<p>Durante su mensaje, el Sumo Pont\u00edfice tambi\u00e9n rememor\u00f3 la beatificaci\u00f3n de Stanis\u0142aw Streich en Polonia, un sacerdote asesinado en 1938 por su labor en favor de los despose\u00eddos y obreros, que &#8220;molestaba al r\u00e9gimen comunista&#8221;. Le\u00f3n XIV pidi\u00f3 su intercesi\u00f3n y que su ejemplo &#8220;pueda estimular a los sacerdotes a derramarse por el Evangelio&#8221;.<\/p>\n\n\n\n<p>Asimismo, el Papa tuvo un gesto de cercan\u00eda con los cat\u00f3licos chinos, al recordar la Jornada de Oraci\u00f3n por la Iglesia en China, establecida por Benedicto XVI. En un contexto global de conflictos, Le\u00f3n XIV elev\u00f3 una oraci\u00f3n por todos los pueblos &#8220;que sufren la guerra&#8221; y manifest\u00f3 su apoyo a &#8220;cuantos est\u00e1n comprometidos con el di\u00e1logo y la b\u00fasqueda de la paz&#8221;.<\/p>\n\n\n\n<p>La gu\u00eda del Esp\u00edritu Santo en el nuevo Pontificado<\/p>\n\n\n\n<p>Previo al rezo del Regina Coeli, Le\u00f3n XIV expres\u00f3 su gratitud por el afecto recibido y solicit\u00f3 a los fieles que lo sostuvieran &#8220;con su oraci\u00f3n y cercan\u00eda&#8221;. Reflexionando sobre el Evangelio del domingo, el Pont\u00edfice destac\u00f3 que, aunque los creyentes puedan sentirse insuficientes ante los llamados del Se\u00f1or, no deben enfocarse en sus propias fuerzas, sino en &#8220;la misericordia del Se\u00f1or que nos ha elegido, seguros de que el Esp\u00edritu Santo nos gu\u00eda y nos ense\u00f1a todo&#8221;.<\/p>\n\n\n\n<p>En este sentido, enfatiz\u00f3 que Jes\u00fas anunci\u00f3 el don del Esp\u00edritu Santo a los Ap\u00f3stoles, quienes, &#8220;en la v\u00edspera de la muerte del Maestro, se encontraban turbados y angustiados, pregunt\u00e1ndose c\u00f3mo podr\u00edan ser continuadores y testigos del Reino de Dios&#8221;. Le\u00f3n XIV explic\u00f3 que &#8220;si permanecemos en su amor, \u00c9l mismo hace morada en nosotros, nuestra vida se convierte en templo de Dios y ese amor nos ilumina, va entrando en nuestra forma de pensar y en nuestras decisiones, hasta alcanzar tambi\u00e9n a los dem\u00e1s e iluminar todos los \u00e1mbitos de nuestra existencia&#8221;.<\/p>\n\n\n\n<p>El Papa concluy\u00f3 su mensaje alentando a los fieles a caminar &#8220;en la alegr\u00eda de la fe, para ser templo santo del Se\u00f1or&#8221;, y a llevar su amor &#8220;a todas partes, recordando que cada hermana y cada hermano es morada de Dios, y que su presencia se revela especialmente en los peque\u00f1os, en los pobres y en quienes sufren, pidi\u00e9ndonos ser cristianos atentos y compasivos&#8221;. Finalmente, encomend\u00f3 a todos a la intercesi\u00f3n de la Sant\u00edsima Mar\u00eda, &#8220;Morada consagrada a Dios&#8221; por obra del Esp\u00edritu.<\/p>\n","protected":false},"excerpt":{"rendered":"<p>El Papa rez\u00f3 su primer Regina Coeli desde el estudio del Palacio Apost\u00f3lico y destac\u00f3 la profunda influencia de la enc\u00edclica &#8216;Laudato si&#8217;. El papa Le\u00f3n XIV rez\u00f3 este mediod\u00eda su primer Regina Coeli desde el estudio del Palacio Apost\u00f3lico, en una jornada que conmemor\u00f3 el d\u00e9cimo aniversario de la enc\u00edclica &#8216;Laudato si&#8221; del papa [&hellip;]<\/p>\n","protected":false},"author":11,"featured_media":7111,"comment_status":"open","ping_status":"open","sticky":false,"template":"","format":"standard","meta":{"footnotes":""},"categories":[25],"tags":[],"class_list":{"0":"post-7110","1":"post","2":"type-post","3":"status-publish","4":"format-standard","5":"has-post-thumbnail","7":"category-internacionales"},"aioseo_notices":[],"_links":{"self":[{"href":"https:\/\/lalupa24.com.ar\/index.php\/wp-json\/wp\/v2\/posts\/7110","targetHints":{"allow":["GET"]}}],"collection":[{"href":"https:\/\/lalupa24.com.ar\/index.php\/wp-json\/wp\/v2\/posts"}],"about":[{"href":"https:\/\/lalupa24.com.ar\/index.php\/wp-json\/wp\/v2\/types\/post"}],"author":[{"embeddable":true,"href":"https:\/\/lalupa24.com.ar\/index.php\/wp-json\/wp\/v2\/users\/11"}],"replies":[{"embeddable":true,"href":"https:\/\/lalupa24.com.ar\/index.php\/wp-json\/wp\/v2\/comments?post=7110"}],"version-history":[{"count":1,"href":"https:\/\/lalupa24.com.ar\/index.php\/wp-json\/wp\/v2\/posts\/7110\/revisions"}],"predecessor-version":[{"id":7112,"href":"https:\/\/lalupa24.com.ar\/index.php\/wp-json\/wp\/v2\/posts\/7110\/revisions\/7112"}],"wp:featuredmedia":[{"embeddable":true,"href":"https:\/\/lalupa24.com.ar\/index.php\/wp-json\/wp\/v2\/media\/7111"}],"wp:attachment":[{"href":"https:\/\/lalupa24.com.ar\/index.php\/wp-json\/wp\/v2\/media?parent=7110"}],"wp:term":[{"taxonomy":"category","embeddable":true,"href":"https:\/\/lalupa24.com.ar\/index.php\/wp-json\/wp\/v2\/categories?post=7110"},{"taxonomy":"post_tag","embeddable":true,"href":"https:\/\/lalupa24.com.ar\/index.php\/wp-json\/wp\/v2\/tags?post=7110"}],"curies":[{"name":"wp","href":"https:\/\/api.w.org\/{rel}","templated":true}]}}