{"id":7113,"date":"2025-05-26T08:53:00","date_gmt":"2025-05-26T11:53:00","guid":{"rendered":"https:\/\/lalupa24.com.ar\/?p=7113"},"modified":"2025-05-25T20:56:05","modified_gmt":"2025-05-25T23:56:05","slug":"justicia-ambiental-historica-condena-en-chubut-por-la-masacre-de-pinguinos-en-la-reserva-de-punta-tombo","status":"publish","type":"post","link":"https:\/\/lalupa24.com.ar\/index.php\/2025\/05\/26\/justicia-ambiental-historica-condena-en-chubut-por-la-masacre-de-pinguinos-en-la-reserva-de-punta-tombo\/","title":{"rendered":"Justicia ambiental: hist\u00f3rica condena en Chubut por la masacre de ping\u00fcinos en la reserva de Punta Tombo"},"content":{"rendered":"\n<p>La provincia de Chubut marc\u00f3 un hito en la justicia ambiental al confirmar la primera condena firme por da\u00f1o ambiental agravado.<\/p>\n\n\n\n<p>Los jueces de la C\u00e1mara Penal de Trelew ratificaron la sentencia de tres a\u00f1os de prisi\u00f3n en suspenso contra el productor agropecuario Ricardo Adolfo La Regina, hallado responsable de lo sucedido en la colonia de ping\u00fcinos de Magallanes en la reserva de Punta Tombo durante 2021.<\/p>\n\n\n\n<p>El fallo, dictado por los camaristas Alejandro Defranco, C\u00e9sar Zaratiegui y Adri\u00e1n Barrios, rechaz\u00f3 los recursos de impugnaci\u00f3n presentados por la defensa del empresario, dejando firme la sentencia N\u00b0 1251\/24.<\/p>\n\n\n\n<p>La masacre de Punta Tombo: un da\u00f1o irreversible<\/p>\n\n\n\n<p>Durante el juicio qued\u00f3 comprobado que La Regina utiliz\u00f3 maquinaria pesada para abrir caminos en su estancia \u201cLa Perla\u201d, lindante con la reserva de Punta Tombo.<\/p>\n\n\n\n<p>Este accionar provoc\u00f3 la muerte de decenas de ping\u00fcinos en una temporada clave para la cr\u00eda y reproducci\u00f3n, afectando el ecosistema de la colonia.<\/p>\n\n\n\n<p>Los hechos ocurrieron en tres per\u00edodos espec\u00edficos de 2021:<\/p>\n\n\n\n<p>Del 10 al 14 de agosto.<\/p>\n\n\n\n<p>Del 10 al 14 de septiembre.<\/p>\n\n\n\n<p>Del 26 de noviembre al 4 de diciembre.<\/p>\n\n\n\n<p>El tribunal de primera instancia, integrado por los jueces Mar\u00eda Laura Martini, Eve Ponce y Carlos Richeri, declar\u00f3 a La Regina penalmente responsable de da\u00f1o agravado en concurso ideal con crueldad animal, bajo la Ley 14.346.<\/p>\n\n\n\n<p>Rechazo de la apelaci\u00f3n y argumentos controvertidos<\/p>\n\n\n\n<p>El abogado defensor Federico Ruffa present\u00f3 una impugnaci\u00f3n ante la C\u00e1mara Penal, seguida de cerca por la Fiscal\u00eda y representantes de organizaciones ambientalistas.<\/p>\n\n\n\n<p>Entre los puntos m\u00e1s controvertidos de la apelaci\u00f3n figuraban:<\/p>\n\n\n\n<p>Cuestionamientos a la conformaci\u00f3n del tribunal, se\u00f1alando como \u201cdefectuosa\u201d la inclusi\u00f3n de la jueza Laura Martini, cuyo traslado a Rawson es objeto de debate legal.<\/p>\n\n\n\n<p>Negaci\u00f3n de pruebas sobre la muerte de ping\u00fcinos, argumentando que no exist\u00edan rastros documentados.<\/p>\n\n\n\n<p>Minimizaci\u00f3n del impacto ambiental, se\u00f1alando que la afectaci\u00f3n representaba solo el 0,002% de la colonia.<\/p>\n\n\n\n<p>Sin embargo, la fiscal Florencia G\u00f3mez, junto a los querellantes Eduardo Hualpa y Mart\u00edn Castro, defendieron la validez del proceso, argumentando que:<\/p>\n\n\n\n<p>La denuncia contra Martini fue declarada inadmisible por el Consejo de la Magistratura.<\/p>\n\n\n\n<p>El da\u00f1o ambiental y la p\u00e9rdida de fauna fueron comprobados en la investigaci\u00f3n.<\/p>\n\n\n\n<p>El rechazo a la suspensi\u00f3n del juicio a prueba fue justificado, ya que La Regina no era due\u00f1o del campo que intentaba ceder.<\/p>\n\n\n\n<p>Un fallo de la Justicia que marca un precedente en la conservaci\u00f3n ambiental<\/p>\n\n\n\n<p>La condena establece estrictas reglas de conducta para La Regina, bajo apercibimiento de que, en caso de incumplimiento, deba cumplir su pena en prisi\u00f3n efectiva.<\/p>\n\n\n\n<p>Este juicio representa un avance significativo en la defensa de la biodiversidad en Argentina, enviando un mensaje claro sobre la responsabilidad ante delitos ambientales.<\/p>\n","protected":false},"excerpt":{"rendered":"<p>La provincia de Chubut marc\u00f3 un hito en la justicia ambiental al confirmar la primera condena firme por da\u00f1o ambiental agravado. Los jueces de la C\u00e1mara Penal de Trelew ratificaron la sentencia de tres a\u00f1os de prisi\u00f3n en suspenso contra el productor agropecuario Ricardo Adolfo La Regina, hallado responsable de lo sucedido en la colonia [&hellip;]<\/p>\n","protected":false},"author":11,"featured_media":7114,"comment_status":"open","ping_status":"open","sticky":false,"template":"","format":"standard","meta":{"footnotes":""},"categories":[1],"tags":[],"class_list":{"0":"post-7113","1":"post","2":"type-post","3":"status-publish","4":"format-standard","5":"has-post-thumbnail","7":"category-blog"},"aioseo_notices":[],"_links":{"self":[{"href":"https:\/\/lalupa24.com.ar\/index.php\/wp-json\/wp\/v2\/posts\/7113","targetHints":{"allow":["GET"]}}],"collection":[{"href":"https:\/\/lalupa24.com.ar\/index.php\/wp-json\/wp\/v2\/posts"}],"about":[{"href":"https:\/\/lalupa24.com.ar\/index.php\/wp-json\/wp\/v2\/types\/post"}],"author":[{"embeddable":true,"href":"https:\/\/lalupa24.com.ar\/index.php\/wp-json\/wp\/v2\/users\/11"}],"replies":[{"embeddable":true,"href":"https:\/\/lalupa24.com.ar\/index.php\/wp-json\/wp\/v2\/comments?post=7113"}],"version-history":[{"count":1,"href":"https:\/\/lalupa24.com.ar\/index.php\/wp-json\/wp\/v2\/posts\/7113\/revisions"}],"predecessor-version":[{"id":7115,"href":"https:\/\/lalupa24.com.ar\/index.php\/wp-json\/wp\/v2\/posts\/7113\/revisions\/7115"}],"wp:featuredmedia":[{"embeddable":true,"href":"https:\/\/lalupa24.com.ar\/index.php\/wp-json\/wp\/v2\/media\/7114"}],"wp:attachment":[{"href":"https:\/\/lalupa24.com.ar\/index.php\/wp-json\/wp\/v2\/media?parent=7113"}],"wp:term":[{"taxonomy":"category","embeddable":true,"href":"https:\/\/lalupa24.com.ar\/index.php\/wp-json\/wp\/v2\/categories?post=7113"},{"taxonomy":"post_tag","embeddable":true,"href":"https:\/\/lalupa24.com.ar\/index.php\/wp-json\/wp\/v2\/tags?post=7113"}],"curies":[{"name":"wp","href":"https:\/\/api.w.org\/{rel}","templated":true}]}}