{"id":723,"date":"2024-03-15T14:15:21","date_gmt":"2024-03-15T17:15:21","guid":{"rendered":"https:\/\/lalupa24.com.ar\/?p=723"},"modified":"2024-03-15T14:15:21","modified_gmt":"2024-03-15T17:15:21","slug":"zdero-y-valdes-junto-a-otros-lideres-radicales-bregan-por-un-cambio-en-el-pais-y-una-ucr-moderna","status":"publish","type":"post","link":"https:\/\/lalupa24.com.ar\/index.php\/2024\/03\/15\/zdero-y-valdes-junto-a-otros-lideres-radicales-bregan-por-un-cambio-en-el-pais-y-una-ucr-moderna\/","title":{"rendered":"Zdero \u00a0y Vald\u00e9s junto a otros l\u00edderes radicales bregan por \u201cun cambio en el pa\u00eds y una UCR moderna\u201d"},"content":{"rendered":"\n<p>Tras el rechazo del DNU 70\/2023 en el Senado de la Naci\u00f3n, &nbsp;gobernadores&nbsp; y legisladores radicales firmaron un documento planteando que \u201cla Argentina necesita de acuerdos y consensos\u201d para \u201csacar a nuestro pa\u00eds del estancamiento\u201d. Tambi\u00e9n rubricaron el mismo, los gobernadores de Chaco, Leandro Zdero; de Mendoza, Alfredo Cornejo; y de Jujuy, Carlos Sadir; adem\u00e1s del presidente del bloque radical en la C\u00e1mara de Diputados de la Naci\u00f3n, Rodrigo de Loredo, bajo el t\u00edtulo: \u201cQueremos un cambio en el pa\u00eds y una UCR moderna\u201d.<\/p>\n\n\n\n<p>\u201cLa Argentina necesita de acuerdos y consensos que nos permitan sacar a nuestro pa\u00eds del estancamiento y decadencia que nos someti\u00f3 el kirchnerismo durante a\u00f1os. Respetamos el camino que eligieron los argentinos en las elecciones del a\u00f1o pasado con un claro mandato de cambio y vamos a contribuir con las herramientas justas y necesarias que el gobierno necesita para avanzar en su plan de gesti\u00f3n\u201d, se\u00f1alan en el primer p\u00e1rrafo del mencionado documento.<\/p>\n\n\n\n<p>Y contin\u00faa: \u201cQueremos un cambio en el pa\u00eds y trabajamos para construir un partido moderno que acompa\u00f1e las reformas estructurales que necesita hoy Argentina. Apoyamos el orden de las cuentas p\u00fablicas para salir de esta debacle y avalamos que est\u00e9 en el orden de prioridades del Estado Nacional. La discusi\u00f3n de avanzar para que haya equilibrio fiscal y no vivir con el d\u00e9ficit fiscal como ha pasado en los \u00faltimos 65 a\u00f1os, lo que achata cada vez m\u00e1s nuestras posibilidades de crecimiento como pa\u00eds.<\/p>\n\n\n\n<p>Apoyamos la discusi\u00f3n y el impulso de reformas necesarias en el Gobierno Nacional para sacar a flote nuestra sociedad ahogada con la inflaci\u00f3n, la presi\u00f3n impositiva y la pobreza a la que nos fue sometiendo el kirchnerismo, con un modelo negacionista, discriminador y corrupto. Pero, tambi\u00e9n abogamos para que estas reformas sean fruto del consenso y por eso, el Ejecutivo Nacional no debe tentarse con prolongar la narrativa electoral. Somos muchos los que queremos cambios profundos en la Argentina.<\/p>\n\n\n\n<p>Desde el lugar que ocupa cada uno, debemos contribuir con acciones conducentes a lograr los acuerdos que ayuden a sacar a nuestra sociedad de la profunda crisis que est\u00e1 atravesando.\u201d<\/p>\n\n\n\n<p>Luego el documento culmina afirmando que \u201cqueremos un cambio cultural que promueva un estado inteligente, eficaz y simplificado, que se enfoque en las principales tareas como seguridad, educaci\u00f3n, salud, defensa y justicia\u201d.<\/p>\n","protected":false},"excerpt":{"rendered":"<p>Tras el rechazo del DNU 70\/2023 en el Senado de la Naci\u00f3n, &nbsp;gobernadores&nbsp; y legisladores radicales firmaron un documento planteando que \u201cla Argentina necesita de acuerdos y consensos\u201d para \u201csacar a nuestro pa\u00eds del estancamiento\u201d. Tambi\u00e9n rubricaron el mismo, los gobernadores de Chaco, Leandro Zdero; de Mendoza, Alfredo Cornejo; y de Jujuy, Carlos Sadir; adem\u00e1s [&hellip;]<\/p>\n","protected":false},"author":2,"featured_media":724,"comment_status":"open","ping_status":"open","sticky":false,"template":"","format":"standard","meta":{"footnotes":""},"categories":[28],"tags":[],"class_list":{"0":"post-723","1":"post","2":"type-post","3":"status-publish","4":"format-standard","5":"has-post-thumbnail","7":"category-locales"},"aioseo_notices":[],"_links":{"self":[{"href":"https:\/\/lalupa24.com.ar\/index.php\/wp-json\/wp\/v2\/posts\/723","targetHints":{"allow":["GET"]}}],"collection":[{"href":"https:\/\/lalupa24.com.ar\/index.php\/wp-json\/wp\/v2\/posts"}],"about":[{"href":"https:\/\/lalupa24.com.ar\/index.php\/wp-json\/wp\/v2\/types\/post"}],"author":[{"embeddable":true,"href":"https:\/\/lalupa24.com.ar\/index.php\/wp-json\/wp\/v2\/users\/2"}],"replies":[{"embeddable":true,"href":"https:\/\/lalupa24.com.ar\/index.php\/wp-json\/wp\/v2\/comments?post=723"}],"version-history":[{"count":1,"href":"https:\/\/lalupa24.com.ar\/index.php\/wp-json\/wp\/v2\/posts\/723\/revisions"}],"predecessor-version":[{"id":725,"href":"https:\/\/lalupa24.com.ar\/index.php\/wp-json\/wp\/v2\/posts\/723\/revisions\/725"}],"wp:featuredmedia":[{"embeddable":true,"href":"https:\/\/lalupa24.com.ar\/index.php\/wp-json\/wp\/v2\/media\/724"}],"wp:attachment":[{"href":"https:\/\/lalupa24.com.ar\/index.php\/wp-json\/wp\/v2\/media?parent=723"}],"wp:term":[{"taxonomy":"category","embeddable":true,"href":"https:\/\/lalupa24.com.ar\/index.php\/wp-json\/wp\/v2\/categories?post=723"},{"taxonomy":"post_tag","embeddable":true,"href":"https:\/\/lalupa24.com.ar\/index.php\/wp-json\/wp\/v2\/tags?post=723"}],"curies":[{"name":"wp","href":"https:\/\/api.w.org\/{rel}","templated":true}]}}