{"id":7230,"date":"2025-05-26T18:53:02","date_gmt":"2025-05-26T21:53:02","guid":{"rendered":"https:\/\/lalupa24.com.ar\/?p=7230"},"modified":"2025-05-26T18:53:02","modified_gmt":"2025-05-26T21:53:02","slug":"cristian-ritondo-confirmo-que-lla-y-el-pro-iran-juntos-en-la-provincia-de-buenos-aires","status":"publish","type":"post","link":"https:\/\/lalupa24.com.ar\/index.php\/2025\/05\/26\/cristian-ritondo-confirmo-que-lla-y-el-pro-iran-juntos-en-la-provincia-de-buenos-aires\/","title":{"rendered":"Cristian Ritondo confirm\u00f3 que LLA y el PRO ir\u00e1n juntos en la provincia de Buenos Aires"},"content":{"rendered":"\n<p>&#8220;Despu\u00e9s veremos el instrumento, eso es secundario\u201d, afirm\u00f3 el presidente del PRO bonaerense, Cristian Ritondo<\/p>\n\n\n\n<p>Referentes de La Libertad Avanza y del PRO mantuvieron hoy una reuni\u00f3n en Casa Rosada con la mira puesta en las elecciones bonaerenses de septiembre y las nacionales de octubre, tras lo cual ratificaron que van a ir &#8220;juntos&#8221; en ambos comicios aunque a\u00fan no definieron si ser\u00e1 en alianza, frente o adhesi\u00f3n.<\/p>\n\n\n\n<p>&#8220;Hay un firme inter\u00e9s en avanzar en la provincia de Buenos Aires juntos. Despu\u00e9s veremos el instrumento, eso es secundario, pero vamos a avanzar para las elecciones de septiembre y las de octubre&#8221;, dijo el titular del PRO bonaerense, Cristian Ritondo al retirarse de la sede gubernamental.<\/p>\n\n\n\n<p>De la cumbre participaron por LLA, la presidenta del espacio, Karina Milei, el titular de la fuerza a nivel bonaerense, Sebasti\u00e1n Pareja, y el armador Eduardo &#8220;Lule&#8221; Menem. Por el PRO estuvieron su presidente bonaerense, Ritondo, y el diputado nacional por la provincia Diego Santilli.<\/p>\n\n\n\n<p>El encuentro sirvi\u00f3 para ratificar la vocaci\u00f3n de no ir separados en la provincia y a nivel nacional, luego de que la tensi\u00f3n se incrementara d\u00edas atr\u00e1s entre los l\u00edderes de los dos espacios a causa de la campa\u00f1a porte\u00f1a donde LLA y el PRO compitieron y se termin\u00f3 imponiendo el postulante libertario Manuel Adorni.<\/p>\n\n\n\n<p>Los roces tuvieron este domingo otro pico durante el Tedeum, en el que el presidente Javier Milei evit\u00f3 saludar al jefe de gobierno porte\u00f1o, Jorge Macri, a quien dej\u00f3 desairado con la mano tendida.<\/p>\n\n\n\n<p>Consultados por eso, Ritondo y Santilli minimizaron el episodio: &#8220;El Presidente tiene un estilo y seguramente pasar\u00e1, no habl\u00e9 con Jorge Macri. Las formas importan, pero importan m\u00e1s en lo que tiene que ver con los que le presentas a la sociedad que en un saludo&#8221;, sostuvo Ritondo.<\/p>\n\n\n\n<p>Y Santilli acot\u00f3: &#8220;La sociedad nos pide unidad, apoyar la transformaci\u00f3n que lleva el Presidente adelante y terminar con el populismo en la provincia para hacerla crecer porque hoy est\u00e1 opacada. Nos une lo que podamos construir juntos, no podemos empezar a buscar las cosas que har\u00edamos de diferente forma&#8221;.<\/p>\n\n\n\n<p>Sobre las negociaciones en marcha, Ritondo dijo que el oficialismo &#8220;no pone condiciones&#8221; al PRO y que en todo caso &#8220;las \u00fanicas condiciones que hay son sacar al populismo y que los diputados que asuman tengan el compromiso de bancar&#8221; al Presidente y sus propuestas.<\/p>\n\n\n\n<p>&#8220;Veremos qu\u00e9 esquema llevaremos en septiembre y en octubre, en provincia tenemos que actuar juntos en el Senado, en Diputados, estamos viendo todo&#8221;, remarc\u00f3 el titular del PRO bonaerense, quien aclar\u00f3 &#8220;puede ser diferente el esquema&#8221; que utilicen para competir juntos en las provinciales de septiembre y en las nacionales de octubre.<\/p>\n\n\n\n<p>De hecho, en las filas libertarias apuestan a eso, ya que le abren la puerta a un frente o alianza para las bonaerenses de septiembre, pero no para las nacionales de octubre.<\/p>\n\n\n\n<p>Para estas \u00faltimas, las que LLA considera m\u00e1s relevantes, quieren ir con el sello violeta, por lo cual todo indica que en esa instancia dejar\u00e1n posible solo una adhesi\u00f3n del PRO a las boletas, es decir ubicando algunos candidatos en las listas.<\/p>\n\n\n\n<p>Por su parte, Pareja sostuvo: &#8220;Avanzamos en un acuerdo pol\u00edtico que en realidad lo vinimos trabajando desde hace mucho tiempo. Avanzar es manejar todas las hip\u00f3tesis y ver c\u00f3mo damos la mejor alternativa para terminar con el populismo en la provincia&#8221;.<\/p>\n\n\n\n<p>Y agreg\u00f3: &#8220;Nosotros no queremos extinguir al PRO, no tenemos como objetivo aniquilar a una fuerza pol\u00edtica&#8221;. El dirigente cercano a Karina Milei adem\u00e1s remarc\u00f3 que est\u00e1 la posibilidad de &#8220;sumar a la UCR&#8221; en el acuerdo para competir en la provincia.<\/p>\n","protected":false},"excerpt":{"rendered":"<p>&#8220;Despu\u00e9s veremos el instrumento, eso es secundario\u201d, afirm\u00f3 el presidente del PRO bonaerense, Cristian Ritondo Referentes de La Libertad Avanza y del PRO mantuvieron hoy una reuni\u00f3n en Casa Rosada con la mira puesta en las elecciones bonaerenses de septiembre y las nacionales de octubre, tras lo cual ratificaron que van a ir &#8220;juntos&#8221; en [&hellip;]<\/p>\n","protected":false},"author":11,"featured_media":7231,"comment_status":"open","ping_status":"open","sticky":false,"template":"","format":"standard","meta":{"footnotes":""},"categories":[1,26],"tags":[],"class_list":{"0":"post-7230","1":"post","2":"type-post","3":"status-publish","4":"format-standard","5":"has-post-thumbnail","7":"category-blog","8":"category-nacionales"},"aioseo_notices":[],"_links":{"self":[{"href":"https:\/\/lalupa24.com.ar\/index.php\/wp-json\/wp\/v2\/posts\/7230","targetHints":{"allow":["GET"]}}],"collection":[{"href":"https:\/\/lalupa24.com.ar\/index.php\/wp-json\/wp\/v2\/posts"}],"about":[{"href":"https:\/\/lalupa24.com.ar\/index.php\/wp-json\/wp\/v2\/types\/post"}],"author":[{"embeddable":true,"href":"https:\/\/lalupa24.com.ar\/index.php\/wp-json\/wp\/v2\/users\/11"}],"replies":[{"embeddable":true,"href":"https:\/\/lalupa24.com.ar\/index.php\/wp-json\/wp\/v2\/comments?post=7230"}],"version-history":[{"count":1,"href":"https:\/\/lalupa24.com.ar\/index.php\/wp-json\/wp\/v2\/posts\/7230\/revisions"}],"predecessor-version":[{"id":7232,"href":"https:\/\/lalupa24.com.ar\/index.php\/wp-json\/wp\/v2\/posts\/7230\/revisions\/7232"}],"wp:featuredmedia":[{"embeddable":true,"href":"https:\/\/lalupa24.com.ar\/index.php\/wp-json\/wp\/v2\/media\/7231"}],"wp:attachment":[{"href":"https:\/\/lalupa24.com.ar\/index.php\/wp-json\/wp\/v2\/media?parent=7230"}],"wp:term":[{"taxonomy":"category","embeddable":true,"href":"https:\/\/lalupa24.com.ar\/index.php\/wp-json\/wp\/v2\/categories?post=7230"},{"taxonomy":"post_tag","embeddable":true,"href":"https:\/\/lalupa24.com.ar\/index.php\/wp-json\/wp\/v2\/tags?post=7230"}],"curies":[{"name":"wp","href":"https:\/\/api.w.org\/{rel}","templated":true}]}}