{"id":7245,"date":"2025-05-26T19:28:08","date_gmt":"2025-05-26T22:28:08","guid":{"rendered":"https:\/\/lalupa24.com.ar\/?p=7245"},"modified":"2025-05-26T19:28:08","modified_gmt":"2025-05-26T22:28:08","slug":"ricardo-darin-luis-caputo-fue-despectivo-conmigo","status":"publish","type":"post","link":"https:\/\/lalupa24.com.ar\/index.php\/2025\/05\/26\/ricardo-darin-luis-caputo-fue-despectivo-conmigo\/","title":{"rendered":"Ricardo Dar\u00edn: &#8220;Luis Caputo fue despectivo conmigo&#8221;"},"content":{"rendered":"\n<p>El actor habl\u00f3 tras la pol\u00e9mica que se gener\u00f3 tras su visita al programa de Mirtha Legrand.<\/p>\n\n\n\n<p>Ricardo Dar\u00edn estuvo durante el fin de semana en el programa de Mirtha Legrand para hablar del \u00e9xito de \u201cEl Eternauta\u201d y result\u00f3 cuestionado y criticado por haber opinado sobre la propuesta del Gobierno de usar los d\u00f3lares que los argentinos tienen guardados \u201cbajo el colch\u00f3n\u201d.<\/p>\n\n\n\n<p>El actor cuestion\u00f3 esta idea por considerar que la mayor\u00eda no tiene ni siquiera lo b\u00e1sico para sobrevivir y puso como ejemplo el precio de las empanadas.<\/p>\n\n\n\n<p>Al ser interrogado por Intrusos, Dar\u00edn dijo \u201cqu\u00e9 revuelo se arm\u00f3. Cada uno interpreta lo que quiere con eso. En realidad, si mir\u00e1s bien, se entiende claramente a qu\u00e9 me refiero. Por supuesto que hay empanadas m\u00e1s caras, m\u00e1s baratas, depende del barrio que te toque. Pero en realidad me parece que quedas claro de qu\u00e9 estaba hablando\u201d.<\/p>\n\n\n\n<p>\u201cLos precios est\u00e1n elevados, la gente lo sabe. Esto no tiene nada que ver con hablar mal del Gobierno y del se\u00f1or Caputo que me trat\u00f3 de Ricardito. Fue bastante despectivo para un funcionario p\u00fablico votado en democracia\u201d, opin\u00f3 Ricardo, enterado de que el ministro de Econom\u00eda, Luis Caputo, dijo que \u201cse quiso hacer el nacional y popular y dijo una estupidez\u201d.<\/p>\n\n\n\n<p>\u201cDeber\u00eda ser un poco m\u00e1s educado. No entiendo por qu\u00e9 me trata mal y me dice \u2018Ricardito, lo que dijo es una estupidez\u2019, con lo cual me estar\u00eda tratando de est\u00fapido. M\u00e1s all\u00e1 de eso, reinterpretar lo que quise decir va en cada uno. Es una oportunidad para comprobar cuanta gente hay cargada y que vuelca todo su odio. Te acusan de cosas que no soy\u201d, continu\u00f3 el actor.<\/p>\n\n\n\n<p>De todas formas, el actor consider\u00f3 que es importante opinar: \u201cSi empez\u00e1s a tener miedo de decir lo que pens\u00e1s, te empez\u00e1s a quedar callado y eso no est\u00e1 bien porque estamos en democracia. Yo respeto al Gobierno, no le falto el respeto, hay que cuidar las formas. Si desde arriba no te tratan bien, es dif\u00edcil sostenerlo abajo, nosotros estamos abajo, somos ciudadanos\u201d.<\/p>\n","protected":false},"excerpt":{"rendered":"<p>El actor habl\u00f3 tras la pol\u00e9mica que se gener\u00f3 tras su visita al programa de Mirtha Legrand. Ricardo Dar\u00edn estuvo durante el fin de semana en el programa de Mirtha Legrand para hablar del \u00e9xito de \u201cEl Eternauta\u201d y result\u00f3 cuestionado y criticado por haber opinado sobre la propuesta del Gobierno de usar los d\u00f3lares [&hellip;]<\/p>\n","protected":false},"author":11,"featured_media":7246,"comment_status":"open","ping_status":"open","sticky":false,"template":"","format":"standard","meta":{"footnotes":""},"categories":[26],"tags":[],"class_list":{"0":"post-7245","1":"post","2":"type-post","3":"status-publish","4":"format-standard","5":"has-post-thumbnail","7":"category-nacionales"},"aioseo_notices":[],"_links":{"self":[{"href":"https:\/\/lalupa24.com.ar\/index.php\/wp-json\/wp\/v2\/posts\/7245","targetHints":{"allow":["GET"]}}],"collection":[{"href":"https:\/\/lalupa24.com.ar\/index.php\/wp-json\/wp\/v2\/posts"}],"about":[{"href":"https:\/\/lalupa24.com.ar\/index.php\/wp-json\/wp\/v2\/types\/post"}],"author":[{"embeddable":true,"href":"https:\/\/lalupa24.com.ar\/index.php\/wp-json\/wp\/v2\/users\/11"}],"replies":[{"embeddable":true,"href":"https:\/\/lalupa24.com.ar\/index.php\/wp-json\/wp\/v2\/comments?post=7245"}],"version-history":[{"count":1,"href":"https:\/\/lalupa24.com.ar\/index.php\/wp-json\/wp\/v2\/posts\/7245\/revisions"}],"predecessor-version":[{"id":7247,"href":"https:\/\/lalupa24.com.ar\/index.php\/wp-json\/wp\/v2\/posts\/7245\/revisions\/7247"}],"wp:featuredmedia":[{"embeddable":true,"href":"https:\/\/lalupa24.com.ar\/index.php\/wp-json\/wp\/v2\/media\/7246"}],"wp:attachment":[{"href":"https:\/\/lalupa24.com.ar\/index.php\/wp-json\/wp\/v2\/media?parent=7245"}],"wp:term":[{"taxonomy":"category","embeddable":true,"href":"https:\/\/lalupa24.com.ar\/index.php\/wp-json\/wp\/v2\/categories?post=7245"},{"taxonomy":"post_tag","embeddable":true,"href":"https:\/\/lalupa24.com.ar\/index.php\/wp-json\/wp\/v2\/tags?post=7245"}],"curies":[{"name":"wp","href":"https:\/\/api.w.org\/{rel}","templated":true}]}}