{"id":7259,"date":"2025-05-27T10:02:46","date_gmt":"2025-05-27T13:02:46","guid":{"rendered":"https:\/\/lalupa24.com.ar\/?p=7259"},"modified":"2025-05-27T10:02:48","modified_gmt":"2025-05-27T13:02:48","slug":"ecom-chaco-presento-nuevas-inversiones-tecnologicas-y-refuerza-la-apuesta-a-la-conectividad-satelital","status":"publish","type":"post","link":"https:\/\/lalupa24.com.ar\/index.php\/2025\/05\/27\/ecom-chaco-presento-nuevas-inversiones-tecnologicas-y-refuerza-la-apuesta-a-la-conectividad-satelital\/","title":{"rendered":"ECOM chaco present\u00f3 nuevas inversiones tecnol\u00f3gicas y refuerza la apuesta a la conectividad satelital"},"content":{"rendered":"\n<p><\/p>\n\n\n\n<p><em>Con una fuerte impronta de innovaci\u00f3n y modernizaci\u00f3n, la empresa chaque\u00f1a Ecom realiz\u00f3 una presentaci\u00f3n p\u00fablica de equipamientos tecnol\u00f3gicos y log\u00edsticos adquiridos con fondos propios. El acto fue encabezado por el presidente de la firma, Adri\u00e1n Veleff, junto a la vicepresidenta Marina Andrea Kremar y la directora Carolina Orcola.<\/em><\/p>\n\n\n\n<p>Veleff destac\u00f3 que los productos exhibidos \u2014entre ellos computadoras, monitores, antenas satelitales Starlink, elevadores, zampings y sillas ergon\u00f3micas\u2014 fueron adquiridos mediante mecanismos de transparencia, como el sistema de subasta inversa, lo que permiti\u00f3 importantes ahorros que ser\u00e1n reinvertidos en la propia empresa.<br>\u201cEstamos actualizando Ecom no solo en tecnolog\u00eda, sino tambi\u00e9n en infraestructura y condiciones laborales para nuestro personal t\u00e9cnico y administrativo\u201d, remarc\u00f3 Veleff.<\/p>\n\n\n\n<p><em>Conectividad para zonas rurales y apoyo al sector p\u00fablico<\/em><br>Uno de los ejes principales de la iniciativa es la expansi\u00f3n del acceso a Internet en zonas rurales. En este sentido, Ecom avanzar\u00e1 en la instalaci\u00f3n de 400 antenas satelitales en escuelas chaque\u00f1as, en articulaci\u00f3n con el Ministerio de Educaci\u00f3n. Las tareas se desarrollar\u00e1n priorizando las zonas de dif\u00edcil acceso, y muchas instalaciones incluir\u00e1n paneles solares para garantizar la operatividad de los equipos.<br>Adem\u00e1s, se entregar\u00e1n 25 antenas m\u00f3viles al Ministerio de Producci\u00f3n para ser utilizadas por la Direcci\u00f3n de Bosques en el control de desmontes ilegales, en zonas remotas del monte chaque\u00f1o.<br>\u201cEl objetivo es que el acceso a Internet se convierta en un derecho. La conectividad hoy es esencial para la ciudadan\u00eda\u201d, afirm\u00f3 el titular de Ecom.<\/p>\n\n\n\n<p><em>Oferta al sector privado<\/em><br>Ecom tambi\u00e9n anunci\u00f3 que las antenas y otros productos tecnol\u00f3gicos estar\u00e1n disponibles para el p\u00fablico en general, tanto personas f\u00edsicas como jur\u00eddicas. Las ventas se canalizar\u00e1n a trav\u00e9s de Unicobro y medios electr\u00f3nicos habilitados por el Nuevo Banco del Chaco, permitiendo m\u00faltiples formas de pago.<br>\u201cEsto representa un avance estrat\u00e9gico: no solo damos soluciones al Estado, sino tambi\u00e9n a empresas que no tienen acceso a fibra \u00f3ptica y necesitan conectividad inmediata\u201d, se\u00f1al\u00f3 Marina Kremar.<\/p>\n\n\n\n<p>Bienestar laboral y reciclaje electr\u00f3nico<br>Las autoridades de Ecom destacaron que parte de las inversiones se destinaron a mejorar las condiciones de trabajo del personal: escaleras homologadas, sillas ergon\u00f3micas, herramientas y veh\u00edculos de carga forman parte del nuevo equipamiento.<br>Por su parte, Carolina Orcola subray\u00f3 la importancia de \u201cdotar a los empleados con herramientas de calidad para un trabajo seguro y eficiente\u201d. Asimismo, Veleff mencion\u00f3 el fortalecimiento de la planta de reciclaje de residuos electr\u00f3nicos (RAE) ubicada en Barranqueras, que forma parte de una estrategia de sustentabilidad e inclusi\u00f3n tecnol\u00f3gica.<\/p>\n\n\n\n<p><em>V\u00ednculos estrat\u00e9gicos y proyecci\u00f3n nacional<\/em><br>Ecom tambi\u00e9n estuvo presente recientemente en rondas de negocios en Buenos Aires, donde se reuni\u00f3 con referentes del sector y representantes de la empresa Starlink, con el objetivo de mejorar condiciones de acceso a los servicios satelitales en la regi\u00f3n.<br>\u201cEs un desaf\u00edo conectar lugares donde no llega nada. Pero con alianzas estrat\u00e9gicas y compromiso, lo estamos logrando\u201d, concluy\u00f3 Veleff.<\/p>\n","protected":false},"excerpt":{"rendered":"<p>Con una fuerte impronta de innovaci\u00f3n y modernizaci\u00f3n, la empresa chaque\u00f1a Ecom realiz\u00f3 una presentaci\u00f3n p\u00fablica de equipamientos tecnol\u00f3gicos y log\u00edsticos adquiridos con fondos propios. El acto fue encabezado por el presidente de la firma, Adri\u00e1n Veleff, junto a la vicepresidenta Marina Andrea Kremar y la directora Carolina Orcola. Veleff destac\u00f3 que los productos exhibidos [&hellip;]<\/p>\n","protected":false},"author":2,"featured_media":7260,"comment_status":"open","ping_status":"open","sticky":false,"template":"","format":"standard","meta":{"footnotes":""},"categories":[28],"tags":[],"class_list":{"0":"post-7259","1":"post","2":"type-post","3":"status-publish","4":"format-standard","5":"has-post-thumbnail","7":"category-locales"},"aioseo_notices":[],"_links":{"self":[{"href":"https:\/\/lalupa24.com.ar\/index.php\/wp-json\/wp\/v2\/posts\/7259","targetHints":{"allow":["GET"]}}],"collection":[{"href":"https:\/\/lalupa24.com.ar\/index.php\/wp-json\/wp\/v2\/posts"}],"about":[{"href":"https:\/\/lalupa24.com.ar\/index.php\/wp-json\/wp\/v2\/types\/post"}],"author":[{"embeddable":true,"href":"https:\/\/lalupa24.com.ar\/index.php\/wp-json\/wp\/v2\/users\/2"}],"replies":[{"embeddable":true,"href":"https:\/\/lalupa24.com.ar\/index.php\/wp-json\/wp\/v2\/comments?post=7259"}],"version-history":[{"count":1,"href":"https:\/\/lalupa24.com.ar\/index.php\/wp-json\/wp\/v2\/posts\/7259\/revisions"}],"predecessor-version":[{"id":7261,"href":"https:\/\/lalupa24.com.ar\/index.php\/wp-json\/wp\/v2\/posts\/7259\/revisions\/7261"}],"wp:featuredmedia":[{"embeddable":true,"href":"https:\/\/lalupa24.com.ar\/index.php\/wp-json\/wp\/v2\/media\/7260"}],"wp:attachment":[{"href":"https:\/\/lalupa24.com.ar\/index.php\/wp-json\/wp\/v2\/media?parent=7259"}],"wp:term":[{"taxonomy":"category","embeddable":true,"href":"https:\/\/lalupa24.com.ar\/index.php\/wp-json\/wp\/v2\/categories?post=7259"},{"taxonomy":"post_tag","embeddable":true,"href":"https:\/\/lalupa24.com.ar\/index.php\/wp-json\/wp\/v2\/tags?post=7259"}],"curies":[{"name":"wp","href":"https:\/\/api.w.org\/{rel}","templated":true}]}}