{"id":7280,"date":"2025-05-27T10:15:04","date_gmt":"2025-05-27T13:15:04","guid":{"rendered":"https:\/\/lalupa24.com.ar\/?p=7280"},"modified":"2025-05-27T10:15:05","modified_gmt":"2025-05-27T13:15:05","slug":"el-millonario-que-se-ha-gastado-en-sus-vacaciones-de-lujo-en-mallorca-el-mismo-dinero-que-se-gastarian-10-000-turistas-una-villa-y-un-jet-privado","status":"publish","type":"post","link":"https:\/\/lalupa24.com.ar\/index.php\/2025\/05\/27\/el-millonario-que-se-ha-gastado-en-sus-vacaciones-de-lujo-en-mallorca-el-mismo-dinero-que-se-gastarian-10-000-turistas-una-villa-y-un-jet-privado\/","title":{"rendered":"El millonario que se ha gastado en sus vacaciones de lujo en Mallorca el mismo dinero que se gastar\u00edan 10.000 turistas: una villa y un jet privado"},"content":{"rendered":"\n<p>El emir de Catar, Tamim bin Hamad Al Thani, ha visitado Mallorca causando un impacto econ\u00f3mico y medi\u00e1tico enorme, con gastos equivalentes a los de 10,000 turistas convencionales, seg\u00fan el Diario de Mallorca. La familia real catar\u00ed viaja con un gran s\u00e9quito y utiliza un Boeing 747 adaptado como jet privado valorado en 600 millones de d\u00f3lares.<\/p>\n\n\n\n<p>Durante su estancia, se alojan en hoteles y villas de lujo, con un gasto estimado de hasta cinco millones de euros solo en alojamiento, incluyendo el alquiler de una villa exclusivamente para guardar 100 maletas y otra para instalar una cinta de correr para el emir.<\/p>\n\n\n\n<p>Adem\u00e1s, utilizan superyates millonarios para disfrutar del mar Mediterr\u00e1neo, como el Katara o el Al Lusail, con valores entre 300 y 400 millones de d\u00f3lares, y tripulaciones de unas 60 personas. Esta visita ejemplifica el turismo de \u00e9lite y su impacto econ\u00f3mico en la isla.<\/p>\n","protected":false},"excerpt":{"rendered":"<p>El emir de Catar, Tamim bin Hamad Al Thani, ha visitado Mallorca causando un impacto econ\u00f3mico y medi\u00e1tico enorme, con gastos equivalentes a los de 10,000 turistas convencionales, seg\u00fan el Diario de Mallorca. La familia real catar\u00ed viaja con un gran s\u00e9quito y utiliza un Boeing 747 adaptado como jet privado valorado en 600 millones [&hellip;]<\/p>\n","protected":false},"author":2,"featured_media":7281,"comment_status":"open","ping_status":"open","sticky":false,"template":"","format":"standard","meta":{"footnotes":""},"categories":[25],"tags":[],"class_list":{"0":"post-7280","1":"post","2":"type-post","3":"status-publish","4":"format-standard","5":"has-post-thumbnail","7":"category-internacionales"},"aioseo_notices":[],"_links":{"self":[{"href":"https:\/\/lalupa24.com.ar\/index.php\/wp-json\/wp\/v2\/posts\/7280","targetHints":{"allow":["GET"]}}],"collection":[{"href":"https:\/\/lalupa24.com.ar\/index.php\/wp-json\/wp\/v2\/posts"}],"about":[{"href":"https:\/\/lalupa24.com.ar\/index.php\/wp-json\/wp\/v2\/types\/post"}],"author":[{"embeddable":true,"href":"https:\/\/lalupa24.com.ar\/index.php\/wp-json\/wp\/v2\/users\/2"}],"replies":[{"embeddable":true,"href":"https:\/\/lalupa24.com.ar\/index.php\/wp-json\/wp\/v2\/comments?post=7280"}],"version-history":[{"count":1,"href":"https:\/\/lalupa24.com.ar\/index.php\/wp-json\/wp\/v2\/posts\/7280\/revisions"}],"predecessor-version":[{"id":7282,"href":"https:\/\/lalupa24.com.ar\/index.php\/wp-json\/wp\/v2\/posts\/7280\/revisions\/7282"}],"wp:featuredmedia":[{"embeddable":true,"href":"https:\/\/lalupa24.com.ar\/index.php\/wp-json\/wp\/v2\/media\/7281"}],"wp:attachment":[{"href":"https:\/\/lalupa24.com.ar\/index.php\/wp-json\/wp\/v2\/media?parent=7280"}],"wp:term":[{"taxonomy":"category","embeddable":true,"href":"https:\/\/lalupa24.com.ar\/index.php\/wp-json\/wp\/v2\/categories?post=7280"},{"taxonomy":"post_tag","embeddable":true,"href":"https:\/\/lalupa24.com.ar\/index.php\/wp-json\/wp\/v2\/tags?post=7280"}],"curies":[{"name":"wp","href":"https:\/\/api.w.org\/{rel}","templated":true}]}}