{"id":7287,"date":"2025-05-27T10:17:58","date_gmt":"2025-05-27T13:17:58","guid":{"rendered":"https:\/\/lalupa24.com.ar\/?p=7287"},"modified":"2025-05-27T10:18:00","modified_gmt":"2025-05-27T13:18:00","slug":"lula-da-silva-fue-diagnosticado-con-laberintitis-y-cancelo-parte-de-su-agenda-oficial","status":"publish","type":"post","link":"https:\/\/lalupa24.com.ar\/index.php\/2025\/05\/27\/lula-da-silva-fue-diagnosticado-con-laberintitis-y-cancelo-parte-de-su-agenda-oficial\/","title":{"rendered":"Lula da Silva fue diagnosticado con laberintitis y cancel\u00f3 parte de su agenda oficial"},"content":{"rendered":"\n<p>El presidente de Brasil, Luiz In\u00e1cio Lula da Silva, de 79 a\u00f1os, fue diagnosticado con laberintitis tras experimentar un episodio de v\u00e9rtigo que lo llev\u00f3 a ser atendido en un hospital de Brasilia y a cancelar parte de su agenda oficial. Los ex\u00e1menes m\u00e9dicos realizados, incluyendo im\u00e1genes y an\u00e1lisis de sangre, no revelaron anomal\u00edas graves, y se le recomend\u00f3 reposo.<\/p>\n\n\n\n<p>La laberintitis es una inflamaci\u00f3n del o\u00eddo interno que puede causar v\u00e9rtigo, mareos, p\u00e9rdida del equilibrio y n\u00e1useas. Aunque generalmente no es grave, puede incapacitar temporalmente, especialmente en personas mayores.<\/p>\n\n\n\n<p>Este episodio se suma a otros problemas de salud recientes de Lula, como una cirug\u00eda para drenar un hematoma intracraneano en 2024, una operaci\u00f3n de cadera en 2023 y un c\u00e1ncer de laringe en 2011. A pesar de estos contratiempos, Lula ha mantenido una agenda activa desde que regres\u00f3 al poder en 2023.<\/p>\n\n\n\n<p>Su salud genera especulaciones sobre una posible candidatura en las elecciones presidenciales de 2026, aunque \u00e9l ha afirmado que solo se postular\u00e1 si est\u00e1 en condiciones f\u00edsicas \u00f3ptimas para gobernar.<\/p>\n","protected":false},"excerpt":{"rendered":"<p>El presidente de Brasil, Luiz In\u00e1cio Lula da Silva, de 79 a\u00f1os, fue diagnosticado con laberintitis tras experimentar un episodio de v\u00e9rtigo que lo llev\u00f3 a ser atendido en un hospital de Brasilia y a cancelar parte de su agenda oficial. Los ex\u00e1menes m\u00e9dicos realizados, incluyendo im\u00e1genes y an\u00e1lisis de sangre, no revelaron anomal\u00edas graves, [&hellip;]<\/p>\n","protected":false},"author":2,"featured_media":7288,"comment_status":"open","ping_status":"open","sticky":false,"template":"","format":"standard","meta":{"footnotes":""},"categories":[25],"tags":[],"class_list":{"0":"post-7287","1":"post","2":"type-post","3":"status-publish","4":"format-standard","5":"has-post-thumbnail","7":"category-internacionales"},"aioseo_notices":[],"_links":{"self":[{"href":"https:\/\/lalupa24.com.ar\/index.php\/wp-json\/wp\/v2\/posts\/7287","targetHints":{"allow":["GET"]}}],"collection":[{"href":"https:\/\/lalupa24.com.ar\/index.php\/wp-json\/wp\/v2\/posts"}],"about":[{"href":"https:\/\/lalupa24.com.ar\/index.php\/wp-json\/wp\/v2\/types\/post"}],"author":[{"embeddable":true,"href":"https:\/\/lalupa24.com.ar\/index.php\/wp-json\/wp\/v2\/users\/2"}],"replies":[{"embeddable":true,"href":"https:\/\/lalupa24.com.ar\/index.php\/wp-json\/wp\/v2\/comments?post=7287"}],"version-history":[{"count":1,"href":"https:\/\/lalupa24.com.ar\/index.php\/wp-json\/wp\/v2\/posts\/7287\/revisions"}],"predecessor-version":[{"id":7289,"href":"https:\/\/lalupa24.com.ar\/index.php\/wp-json\/wp\/v2\/posts\/7287\/revisions\/7289"}],"wp:featuredmedia":[{"embeddable":true,"href":"https:\/\/lalupa24.com.ar\/index.php\/wp-json\/wp\/v2\/media\/7288"}],"wp:attachment":[{"href":"https:\/\/lalupa24.com.ar\/index.php\/wp-json\/wp\/v2\/media?parent=7287"}],"wp:term":[{"taxonomy":"category","embeddable":true,"href":"https:\/\/lalupa24.com.ar\/index.php\/wp-json\/wp\/v2\/categories?post=7287"},{"taxonomy":"post_tag","embeddable":true,"href":"https:\/\/lalupa24.com.ar\/index.php\/wp-json\/wp\/v2\/tags?post=7287"}],"curies":[{"name":"wp","href":"https:\/\/api.w.org\/{rel}","templated":true}]}}