{"id":729,"date":"2024-03-15T18:32:59","date_gmt":"2024-03-15T21:32:59","guid":{"rendered":"https:\/\/lalupa24.com.ar\/?p=729"},"modified":"2024-03-15T18:37:21","modified_gmt":"2024-03-15T21:37:21","slug":"oscar-zago-argentina-estaba-rota-seguiremos-muy-trabajando-para-recuperarla","status":"publish","type":"post","link":"https:\/\/lalupa24.com.ar\/index.php\/2024\/03\/15\/oscar-zago-argentina-estaba-rota-seguiremos-muy-trabajando-para-recuperarla\/","title":{"rendered":"Oscar Zago \u201cArgentina estaba muy rota; seguiremos trabajando para recuperarla\u201d"},"content":{"rendered":"\n<p>En su visita al Chaco junto al diputado nacional Carlos Garc\u00eda, el presidente del bloque de la Libertad Avanza habl\u00f3 con empresarios y pymes en la C\u00e1mara de Comercio de Resistencia.<\/p>\n\n\n\n<p>En la C\u00e1mara de Comercio de Resistencia, durante la ma\u00f1ana de este viernes, el presidente del Bloque de diputados nacionales de la&nbsp; Libertad Avanza, Oscar Zago hizo referencia al DNU 70 &#8211; 23&nbsp; que fue rechazado por la C\u00e1mara de Senadores, teniendo 42 votos en contra, 25 a favor y 4 abstenciones. \u201cVendr\u00e1 el DNU, el presidente decidir\u00e1 la fecha y hora, donde nos sentaremos a discutirlo, lo cual estamos preparados con los distintos bloques para tratarlo\u201d, afirm\u00f3 el legislador nacional.<\/p>\n\n\n\n<p>Asimismo, Zago remarc\u00f3 que \u201cestamos confiados porque tenemos los objetivos claros, tambi\u00e9n va ingresar la Ley de Bases que lo har\u00e1 por la C\u00e1mara de Diputados; la tranquilidad que tenemos es que algunos no comprenden la Argentina que se viene\u201d.<\/p>\n\n\n\n<p>Al hacer referencia a el acuerdo que convoc\u00f3 el presidente Javier Milei para el pr\u00f3ximo 25 de Mayo en la provincia de C\u00f3rdoba, el presidente del bloque de la Libertad Avanza tambi\u00e9n fue contundente al manifestar que &#8220;el presidente fue muy claro el primer d\u00eda de marzo, con una convocatoria amplia para un 25 de mayo con el pacto, est\u00e1ndo convocados los gobernadores, intendentes, senadores, empresarios, representantes gremiales, para que nos sentemos el 25 de mayo para hacer un Pacto de gobernabilidad&#8221;.<\/p>\n\n\n\n<p>Continuando, &#8220;todos los bloques tienen problemas internos, como tambi\u00e9n nosotros. Esperemos que el di\u00e1logo logre ganar. No me puedo meter en las internas de los partidos pol\u00edticos, porque tampoco deber\u00eda hacerlo porque me parece lo m\u00e1s sano. No quiero opinar, pero siempre tiene que ser a favor del dialogo, cada uno tiene su pensamiento, pero la verdad \u00fanica no existe, la deber\u00edamos hacer entre todos&#8221;.<\/p>\n\n\n\n<p>Por \u00faltimo, el diputado Oscar Zago fue contundente al hacer referencia al trabajo territorial y el di\u00e1logo que lleva adelante en cada rinc\u00f3n del pa\u00eds. &#8220;Soy un diputado que recorre el pa\u00eds, tenemos que ver la realidad de cada uno, con los empresarios, con la gente, con la sociedad, con el laburante del d\u00eda a d\u00eda. Nosotros recorriendo el pa\u00eds la gente nos pide unidad, que hablemos y lo saquemos de esta por favor, ya que le preocupa mucho la seguridad hasta inclusive mucho m\u00e1s que lo econ\u00f3mico; son temas muy preocupantes&#8221;,&nbsp;finaliz\u00f3.<\/p>\n","protected":false},"excerpt":{"rendered":"<p>En su visita al Chaco junto al diputado nacional Carlos Garc\u00eda, el presidente del bloque de la Libertad Avanza habl\u00f3 con empresarios y pymes en la C\u00e1mara de Comercio de Resistencia. En la C\u00e1mara de Comercio de Resistencia, durante la ma\u00f1ana de este viernes, el presidente del Bloque de diputados nacionales de la&nbsp; Libertad Avanza, [&hellip;]<\/p>\n","protected":false},"author":2,"featured_media":730,"comment_status":"open","ping_status":"open","sticky":false,"template":"","format":"standard","meta":{"footnotes":""},"categories":[28],"tags":[],"class_list":{"0":"post-729","1":"post","2":"type-post","3":"status-publish","4":"format-standard","5":"has-post-thumbnail","7":"category-locales"},"aioseo_notices":[],"_links":{"self":[{"href":"https:\/\/lalupa24.com.ar\/index.php\/wp-json\/wp\/v2\/posts\/729","targetHints":{"allow":["GET"]}}],"collection":[{"href":"https:\/\/lalupa24.com.ar\/index.php\/wp-json\/wp\/v2\/posts"}],"about":[{"href":"https:\/\/lalupa24.com.ar\/index.php\/wp-json\/wp\/v2\/types\/post"}],"author":[{"embeddable":true,"href":"https:\/\/lalupa24.com.ar\/index.php\/wp-json\/wp\/v2\/users\/2"}],"replies":[{"embeddable":true,"href":"https:\/\/lalupa24.com.ar\/index.php\/wp-json\/wp\/v2\/comments?post=729"}],"version-history":[{"count":3,"href":"https:\/\/lalupa24.com.ar\/index.php\/wp-json\/wp\/v2\/posts\/729\/revisions"}],"predecessor-version":[{"id":733,"href":"https:\/\/lalupa24.com.ar\/index.php\/wp-json\/wp\/v2\/posts\/729\/revisions\/733"}],"wp:featuredmedia":[{"embeddable":true,"href":"https:\/\/lalupa24.com.ar\/index.php\/wp-json\/wp\/v2\/media\/730"}],"wp:attachment":[{"href":"https:\/\/lalupa24.com.ar\/index.php\/wp-json\/wp\/v2\/media?parent=729"}],"wp:term":[{"taxonomy":"category","embeddable":true,"href":"https:\/\/lalupa24.com.ar\/index.php\/wp-json\/wp\/v2\/categories?post=729"},{"taxonomy":"post_tag","embeddable":true,"href":"https:\/\/lalupa24.com.ar\/index.php\/wp-json\/wp\/v2\/tags?post=729"}],"curies":[{"name":"wp","href":"https:\/\/api.w.org\/{rel}","templated":true}]}}