{"id":736,"date":"2024-03-17T15:28:34","date_gmt":"2024-03-17T18:28:34","guid":{"rendered":"https:\/\/lalupa24.com.ar\/?p=736"},"modified":"2024-03-17T15:28:35","modified_gmt":"2024-03-17T18:28:35","slug":"secheep-presente-en-el-temporal","status":"publish","type":"post","link":"https:\/\/lalupa24.com.ar\/index.php\/2024\/03\/17\/secheep-presente-en-el-temporal\/","title":{"rendered":"Secheep presente en el temporal"},"content":{"rendered":"\n<h2 class=\"wp-block-heading\">El fuerte temporal que afect\u00f3 la provincia de Chaco el d\u00eda de ayer dej\u00f3 importantes da\u00f1os materiales en zonas rurales.<\/h2>\n\n\n\n<figure class=\"wp-block-image size-large is-resized\"><img loading=\"lazy\" decoding=\"async\" width=\"1024\" height=\"768\" src=\"https:\/\/lalupa24.com.ar\/wp-content\/uploads\/2024\/03\/secheeo-1024x768.jpeg\" alt=\"\" class=\"wp-image-737\" style=\"width:723px;height:auto\" srcset=\"https:\/\/lalupa24.com.ar\/wp-content\/uploads\/2024\/03\/secheeo-1024x768.jpeg 1024w, https:\/\/lalupa24.com.ar\/wp-content\/uploads\/2024\/03\/secheeo-300x225.jpeg 300w, https:\/\/lalupa24.com.ar\/wp-content\/uploads\/2024\/03\/secheeo-768x576.jpeg 768w, https:\/\/lalupa24.com.ar\/wp-content\/uploads\/2024\/03\/secheeo-1536x1152.jpeg 1536w, https:\/\/lalupa24.com.ar\/wp-content\/uploads\/2024\/03\/secheeo-150x113.jpeg 150w, https:\/\/lalupa24.com.ar\/wp-content\/uploads\/2024\/03\/secheeo-696x522.jpeg 696w, https:\/\/lalupa24.com.ar\/wp-content\/uploads\/2024\/03\/secheeo-1068x801.jpeg 1068w, https:\/\/lalupa24.com.ar\/wp-content\/uploads\/2024\/03\/secheeo.jpeg 1600w\" sizes=\"auto, (max-width: 1024px) 100vw, 1024px\" \/><\/figure>\n\n\n\n<p>El presidente de Secheep, Jos\u00e9 Bistoletti, junto al vocal Germ\u00e1n Perelli estuvo junto a la intendente de Colonia Popular, Mariela Soto, donde recorrieron varios puntos rurales para evaluar los estragos y planificar las tareas de recuperaci\u00f3n que se llevar\u00e1n a cabo desde este mediod\u00eda.<\/p>\n\n\n\n<p>En diferentes localidades, se reportaron cortes de electricidad, voladura de techos, \u00e1rboles ca\u00eddos y postes derribados.&nbsp;<\/p>\n\n\n\n<p>\u201cEsperamos que las labores de recuperaci\u00f3n y reparaci\u00f3n permitan restablecer la normalidad en las zonas afectadas por el temporal y valoramos el trabajo conjunto con otros organismos como APA y Vialidad Provincial\u201d- manifest\u00f3 Bistoletti, de Secheep.<\/p>\n","protected":false},"excerpt":{"rendered":"<p>El fuerte temporal que afect\u00f3 la provincia de Chaco el d\u00eda de ayer dej\u00f3 importantes da\u00f1os materiales en zonas rurales. El presidente de Secheep, Jos\u00e9 Bistoletti, junto al vocal Germ\u00e1n Perelli estuvo junto a la intendente de Colonia Popular, Mariela Soto, donde recorrieron varios puntos rurales para evaluar los estragos y planificar las tareas de [&hellip;]<\/p>\n","protected":false},"author":2,"featured_media":738,"comment_status":"open","ping_status":"open","sticky":false,"template":"","format":"standard","meta":{"footnotes":""},"categories":[27,28],"tags":[],"class_list":{"0":"post-736","1":"post","2":"type-post","3":"status-publish","4":"format-standard","5":"has-post-thumbnail","7":"category-interior","8":"category-locales"},"aioseo_notices":[],"_links":{"self":[{"href":"https:\/\/lalupa24.com.ar\/index.php\/wp-json\/wp\/v2\/posts\/736","targetHints":{"allow":["GET"]}}],"collection":[{"href":"https:\/\/lalupa24.com.ar\/index.php\/wp-json\/wp\/v2\/posts"}],"about":[{"href":"https:\/\/lalupa24.com.ar\/index.php\/wp-json\/wp\/v2\/types\/post"}],"author":[{"embeddable":true,"href":"https:\/\/lalupa24.com.ar\/index.php\/wp-json\/wp\/v2\/users\/2"}],"replies":[{"embeddable":true,"href":"https:\/\/lalupa24.com.ar\/index.php\/wp-json\/wp\/v2\/comments?post=736"}],"version-history":[{"count":1,"href":"https:\/\/lalupa24.com.ar\/index.php\/wp-json\/wp\/v2\/posts\/736\/revisions"}],"predecessor-version":[{"id":739,"href":"https:\/\/lalupa24.com.ar\/index.php\/wp-json\/wp\/v2\/posts\/736\/revisions\/739"}],"wp:featuredmedia":[{"embeddable":true,"href":"https:\/\/lalupa24.com.ar\/index.php\/wp-json\/wp\/v2\/media\/738"}],"wp:attachment":[{"href":"https:\/\/lalupa24.com.ar\/index.php\/wp-json\/wp\/v2\/media?parent=736"}],"wp:term":[{"taxonomy":"category","embeddable":true,"href":"https:\/\/lalupa24.com.ar\/index.php\/wp-json\/wp\/v2\/categories?post=736"},{"taxonomy":"post_tag","embeddable":true,"href":"https:\/\/lalupa24.com.ar\/index.php\/wp-json\/wp\/v2\/tags?post=736"}],"curies":[{"name":"wp","href":"https:\/\/api.w.org\/{rel}","templated":true}]}}