{"id":7394,"date":"2025-05-28T10:50:15","date_gmt":"2025-05-28T13:50:15","guid":{"rendered":"https:\/\/lalupa24.com.ar\/?p=7394"},"modified":"2025-05-28T10:50:35","modified_gmt":"2025-05-28T13:50:35","slug":"el-papa-leon-xiv-pidio-un-alto-el-fuego-en-ucrania-y-gaza-que-se-liberen-todas-las-personas-privadas-de-libertad","status":"publish","type":"post","link":"https:\/\/lalupa24.com.ar\/index.php\/2025\/05\/28\/el-papa-leon-xiv-pidio-un-alto-el-fuego-en-ucrania-y-gaza-que-se-liberen-todas-las-personas-privadas-de-libertad\/","title":{"rendered":"El papa Le\u00f3n XIV pidi\u00f3 un alto el fuego en Ucrania y Gaza: \u201cQue se liberen todas las personas privadas de libertad\u201d"},"content":{"rendered":"\n<p>En su segunda\u00a0<strong>Audiencia General<\/strong>\u00a0desde que fue elegido como pont\u00edfice, el<strong>\u00a0papa Le\u00f3n XIV<\/strong>\u00a0centr\u00f3 su catequesis de este mi\u00e9rcoles en la par\u00e1bola del buen samaritano y lanz\u00f3 un contundente llamado a la\u00a0<strong>compasi\u00f3n universal<\/strong>, que \u2014seg\u00fan expres\u00f3\u2014 no debe quedar encerrada en el \u00e1mbito religioso, sino que debe brotar \u201cde una profunda humanidad compartida\u201d.<\/p>\n","protected":false},"excerpt":{"rendered":"<p>En su segunda\u00a0Audiencia General\u00a0desde que fue elegido como pont\u00edfice, el\u00a0papa Le\u00f3n XIV\u00a0centr\u00f3 su catequesis de este mi\u00e9rcoles en la par\u00e1bola del buen samaritano y lanz\u00f3 un contundente llamado a la\u00a0compasi\u00f3n universal, que \u2014seg\u00fan expres\u00f3\u2014 no debe quedar encerrada en el \u00e1mbito religioso, sino que debe brotar \u201cde una profunda humanidad compartida\u201d.<\/p>\n","protected":false},"author":2,"featured_media":7395,"comment_status":"open","ping_status":"open","sticky":false,"template":"","format":"standard","meta":{"footnotes":""},"categories":[25],"tags":[],"class_list":{"0":"post-7394","1":"post","2":"type-post","3":"status-publish","4":"format-standard","5":"has-post-thumbnail","7":"category-internacionales"},"aioseo_notices":[],"_links":{"self":[{"href":"https:\/\/lalupa24.com.ar\/index.php\/wp-json\/wp\/v2\/posts\/7394","targetHints":{"allow":["GET"]}}],"collection":[{"href":"https:\/\/lalupa24.com.ar\/index.php\/wp-json\/wp\/v2\/posts"}],"about":[{"href":"https:\/\/lalupa24.com.ar\/index.php\/wp-json\/wp\/v2\/types\/post"}],"author":[{"embeddable":true,"href":"https:\/\/lalupa24.com.ar\/index.php\/wp-json\/wp\/v2\/users\/2"}],"replies":[{"embeddable":true,"href":"https:\/\/lalupa24.com.ar\/index.php\/wp-json\/wp\/v2\/comments?post=7394"}],"version-history":[{"count":1,"href":"https:\/\/lalupa24.com.ar\/index.php\/wp-json\/wp\/v2\/posts\/7394\/revisions"}],"predecessor-version":[{"id":7396,"href":"https:\/\/lalupa24.com.ar\/index.php\/wp-json\/wp\/v2\/posts\/7394\/revisions\/7396"}],"wp:featuredmedia":[{"embeddable":true,"href":"https:\/\/lalupa24.com.ar\/index.php\/wp-json\/wp\/v2\/media\/7395"}],"wp:attachment":[{"href":"https:\/\/lalupa24.com.ar\/index.php\/wp-json\/wp\/v2\/media?parent=7394"}],"wp:term":[{"taxonomy":"category","embeddable":true,"href":"https:\/\/lalupa24.com.ar\/index.php\/wp-json\/wp\/v2\/categories?post=7394"},{"taxonomy":"post_tag","embeddable":true,"href":"https:\/\/lalupa24.com.ar\/index.php\/wp-json\/wp\/v2\/tags?post=7394"}],"curies":[{"name":"wp","href":"https:\/\/api.w.org\/{rel}","templated":true}]}}