{"id":7411,"date":"2025-05-28T11:00:19","date_gmt":"2025-05-28T14:00:19","guid":{"rendered":"https:\/\/lalupa24.com.ar\/?p=7411"},"modified":"2025-05-28T11:00:20","modified_gmt":"2025-05-28T14:00:20","slug":"la-pareja-y-el-hijo-del-gendarme-argentino-nahuel-gallo-lograron-salir-de-venezuela-tras-un-operativo-secreto","status":"publish","type":"post","link":"https:\/\/lalupa24.com.ar\/index.php\/2025\/05\/28\/la-pareja-y-el-hijo-del-gendarme-argentino-nahuel-gallo-lograron-salir-de-venezuela-tras-un-operativo-secreto\/","title":{"rendered":"La pareja y el hijo del gendarme argentino Nahuel Gallo lograron salir de Venezuela tras un operativo secreto"},"content":{"rendered":"\n<p>En un operativo que involucr\u00f3 m\u00faltiples niveles de coordinaci\u00f3n y discreci\u00f3n,\u00a0<strong>Mar\u00eda Alexandra G\u00f3mez Garc\u00eda<\/strong>,\u00a0<strong>pareja de\u00a0Nahuel Gallo, el gendarme argentino detenido de manera ilegal en Caracas, y su hijo, lograron salir de Venezuela hacia Colombia<\/strong>.<\/p>\n\n\n\n<p>La salida de&nbsp;<strong>G\u00f3mez Garc\u00eda<\/strong>&nbsp;y su hijo&nbsp;<strong>V\u00edctor Benjam\u00edn&nbsp;<\/strong>se produjo en un contexto de creciente tensi\u00f3n en Venezuela, donde el r\u00e9gimen ha intensificado las detenciones de opositores y extranjeros. La operaci\u00f3n fue liderada por autoridades argentinas y organizaciones internacionales de derechos humanos.<\/p>\n\n\n\n<p>La pareja de Gallo y su hijo se encontraban en&nbsp;<strong>Anzo\u00e1tegui<\/strong>, donde viv\u00edan con la madre de G\u00f3mez Garc\u00eda. La situaci\u00f3n se volvi\u00f3 insostenible debido a la ola de detenciones y la falta de recursos econ\u00f3micos de Alexandra.<\/p>\n","protected":false},"excerpt":{"rendered":"<p>En un operativo que involucr\u00f3 m\u00faltiples niveles de coordinaci\u00f3n y discreci\u00f3n,\u00a0Mar\u00eda Alexandra G\u00f3mez Garc\u00eda,\u00a0pareja de\u00a0Nahuel Gallo, el gendarme argentino detenido de manera ilegal en Caracas, y su hijo, lograron salir de Venezuela hacia Colombia. La salida de&nbsp;G\u00f3mez Garc\u00eda&nbsp;y su hijo&nbsp;V\u00edctor Benjam\u00edn&nbsp;se produjo en un contexto de creciente tensi\u00f3n en Venezuela, donde el r\u00e9gimen ha intensificado [&hellip;]<\/p>\n","protected":false},"author":2,"featured_media":7412,"comment_status":"open","ping_status":"open","sticky":false,"template":"","format":"standard","meta":{"footnotes":""},"categories":[26],"tags":[],"class_list":{"0":"post-7411","1":"post","2":"type-post","3":"status-publish","4":"format-standard","5":"has-post-thumbnail","7":"category-nacionales"},"aioseo_notices":[],"_links":{"self":[{"href":"https:\/\/lalupa24.com.ar\/index.php\/wp-json\/wp\/v2\/posts\/7411","targetHints":{"allow":["GET"]}}],"collection":[{"href":"https:\/\/lalupa24.com.ar\/index.php\/wp-json\/wp\/v2\/posts"}],"about":[{"href":"https:\/\/lalupa24.com.ar\/index.php\/wp-json\/wp\/v2\/types\/post"}],"author":[{"embeddable":true,"href":"https:\/\/lalupa24.com.ar\/index.php\/wp-json\/wp\/v2\/users\/2"}],"replies":[{"embeddable":true,"href":"https:\/\/lalupa24.com.ar\/index.php\/wp-json\/wp\/v2\/comments?post=7411"}],"version-history":[{"count":1,"href":"https:\/\/lalupa24.com.ar\/index.php\/wp-json\/wp\/v2\/posts\/7411\/revisions"}],"predecessor-version":[{"id":7413,"href":"https:\/\/lalupa24.com.ar\/index.php\/wp-json\/wp\/v2\/posts\/7411\/revisions\/7413"}],"wp:featuredmedia":[{"embeddable":true,"href":"https:\/\/lalupa24.com.ar\/index.php\/wp-json\/wp\/v2\/media\/7412"}],"wp:attachment":[{"href":"https:\/\/lalupa24.com.ar\/index.php\/wp-json\/wp\/v2\/media?parent=7411"}],"wp:term":[{"taxonomy":"category","embeddable":true,"href":"https:\/\/lalupa24.com.ar\/index.php\/wp-json\/wp\/v2\/categories?post=7411"},{"taxonomy":"post_tag","embeddable":true,"href":"https:\/\/lalupa24.com.ar\/index.php\/wp-json\/wp\/v2\/tags?post=7411"}],"curies":[{"name":"wp","href":"https:\/\/api.w.org\/{rel}","templated":true}]}}