{"id":7420,"date":"2025-05-28T11:04:42","date_gmt":"2025-05-28T14:04:42","guid":{"rendered":"https:\/\/lalupa24.com.ar\/?p=7420"},"modified":"2025-05-28T11:04:44","modified_gmt":"2025-05-28T14:04:44","slug":"tras-el-escandalo-con-la-jueza-julieta-makintach-el-jueves-se-definira-si-se-cae-o-no-el-juicio-por-la-muerte-de-maradona","status":"publish","type":"post","link":"https:\/\/lalupa24.com.ar\/index.php\/2025\/05\/28\/tras-el-escandalo-con-la-jueza-julieta-makintach-el-jueves-se-definira-si-se-cae-o-no-el-juicio-por-la-muerte-de-maradona\/","title":{"rendered":"Tras el esc\u00e1ndalo con la jueza Julieta Makintach, el jueves se definir\u00e1 si se cae o no el juicio por la muerte de Maradona"},"content":{"rendered":"\n<p>El\u00a0<strong>juicio<\/strong>\u00a0por la muerte de\u00a0<strong>Diego Armando Maradona<\/strong>, uno de los procesos judiciales m\u00e1s esperados y de mayor exposici\u00f3n p\u00fablica de los \u00faltimos a\u00f1os, qued\u00f3 en suspenso este martes luego de que la fiscal\u00eda presentara pruebas de la participaci\u00f3n de la jueza\u00a0<strong>Julieta Makintach<\/strong>\u00a0en una\u00a0<strong>miniserie en desarrollo<\/strong>\u00a0sobre la causa. Esto deriv\u00f3 en su apartamiento inmediato del debate oral y\u00a0<strong>abri\u00f3 el interrogante<\/strong>\u00a0<strong>sobre la continuidad o no del proceso\u00a0<\/strong>en el Tribunal Oral en lo Criminal N\u00b03 de San Isidro.<\/p>\n\n\n\n<p>Ser\u00e1 este jueves el d\u00eda clave para conocer qu\u00e9 pasar\u00e1 con el juicio por la muerte de Maradona. El juez&nbsp;<strong>Maximiliano Savarino<\/strong>&nbsp;convoc\u00f3 a las partes y a los imputados para ese d\u00eda a las 12, cuando&nbsp;<strong>dar\u00e1 a conocer la decisi\u00f3n<\/strong>&nbsp;con respecto a los planteos formulados ante la salida de Makintach&nbsp;<strong>y los fundamentos del dictamen sobre el futuro del juicio.<\/strong><\/p>\n\n\n\n<p>El documental por el que se desat\u00f3 el esc\u00e1ndalo, que se iba a titular&nbsp;<strong>\u201cJusticia Divina\u201d<\/strong>&nbsp;e iba a contar con seis cap\u00edtulos de media hora cada uno, hab\u00eda salido a la luz d\u00edas atr\u00e1s.<\/p>\n","protected":false},"excerpt":{"rendered":"<p>El\u00a0juicio\u00a0por la muerte de\u00a0Diego Armando Maradona, uno de los procesos judiciales m\u00e1s esperados y de mayor exposici\u00f3n p\u00fablica de los \u00faltimos a\u00f1os, qued\u00f3 en suspenso este martes luego de que la fiscal\u00eda presentara pruebas de la participaci\u00f3n de la jueza\u00a0Julieta Makintach\u00a0en una\u00a0miniserie en desarrollo\u00a0sobre la causa. Esto deriv\u00f3 en su apartamiento inmediato del debate oral [&hellip;]<\/p>\n","protected":false},"author":2,"featured_media":7421,"comment_status":"open","ping_status":"open","sticky":false,"template":"","format":"standard","meta":{"footnotes":""},"categories":[26],"tags":[],"class_list":{"0":"post-7420","1":"post","2":"type-post","3":"status-publish","4":"format-standard","5":"has-post-thumbnail","7":"category-nacionales"},"aioseo_notices":[],"_links":{"self":[{"href":"https:\/\/lalupa24.com.ar\/index.php\/wp-json\/wp\/v2\/posts\/7420","targetHints":{"allow":["GET"]}}],"collection":[{"href":"https:\/\/lalupa24.com.ar\/index.php\/wp-json\/wp\/v2\/posts"}],"about":[{"href":"https:\/\/lalupa24.com.ar\/index.php\/wp-json\/wp\/v2\/types\/post"}],"author":[{"embeddable":true,"href":"https:\/\/lalupa24.com.ar\/index.php\/wp-json\/wp\/v2\/users\/2"}],"replies":[{"embeddable":true,"href":"https:\/\/lalupa24.com.ar\/index.php\/wp-json\/wp\/v2\/comments?post=7420"}],"version-history":[{"count":1,"href":"https:\/\/lalupa24.com.ar\/index.php\/wp-json\/wp\/v2\/posts\/7420\/revisions"}],"predecessor-version":[{"id":7422,"href":"https:\/\/lalupa24.com.ar\/index.php\/wp-json\/wp\/v2\/posts\/7420\/revisions\/7422"}],"wp:featuredmedia":[{"embeddable":true,"href":"https:\/\/lalupa24.com.ar\/index.php\/wp-json\/wp\/v2\/media\/7421"}],"wp:attachment":[{"href":"https:\/\/lalupa24.com.ar\/index.php\/wp-json\/wp\/v2\/media?parent=7420"}],"wp:term":[{"taxonomy":"category","embeddable":true,"href":"https:\/\/lalupa24.com.ar\/index.php\/wp-json\/wp\/v2\/categories?post=7420"},{"taxonomy":"post_tag","embeddable":true,"href":"https:\/\/lalupa24.com.ar\/index.php\/wp-json\/wp\/v2\/tags?post=7420"}],"curies":[{"name":"wp","href":"https:\/\/api.w.org\/{rel}","templated":true}]}}