{"id":7430,"date":"2025-05-28T11:09:10","date_gmt":"2025-05-28T14:09:10","guid":{"rendered":"https:\/\/lalupa24.com.ar\/?p=7430"},"modified":"2025-05-28T11:09:12","modified_gmt":"2025-05-28T14:09:12","slug":"la-hermana-de-la-mujer-que-asesino-a-su-familia-hablo-de-los-problemas-de-salud-mental-desvariaba","status":"publish","type":"post","link":"https:\/\/lalupa24.com.ar\/index.php\/2025\/05\/28\/la-hermana-de-la-mujer-que-asesino-a-su-familia-hablo-de-los-problemas-de-salud-mental-desvariaba\/","title":{"rendered":"La hermana de la mujer que asesin\u00f3 a su familia habl\u00f3 de los problemas de salud mental: \u201cDesvariaba\u201d"},"content":{"rendered":"\n<p>Este mi\u00e9rcoles se cumple una semana de\u00a0<strong>la masacre de Villa Crespo<\/strong>, en donde<strong>Laura Leguizam\u00f3n<\/strong>\u00a0asesin\u00f3 a su marido, sus dos hijos y luego se suicid\u00f3. Sin poder encontrar una explicaci\u00f3n a lo ocurrido,<strong>\u00a0la hermana de la asesina<\/strong>\u00a0habl\u00f3 con\u00a0<em>Telefe Noticias.<\/em><\/p>\n\n\n\n<p>Este mi\u00e9rcoles se cumple una semana de\u00a0<strong>la masacre de Villa Crespo<\/strong>, en donde<strong>Laura Leguizam\u00f3n<\/strong>\u00a0asesin\u00f3 a su marido, sus dos hijos y luego se suicid\u00f3. Sin poder encontrar una explicaci\u00f3n a lo ocurrido,<strong>\u00a0la hermana de la asesina<\/strong>\u00a0habl\u00f3 con\u00a0<em>Telefe Noticias.<\/em><\/p>\n\n\n\n<p><a href=\"https:\/\/viapais.com.ar\/policiales\/villa-crespo-salio-a-la-luz-un-nuevo-dato-economico-que-habria-tenido-que-ver-con-la-masacre-familiar\/\"><\/a><\/p>\n\n\n\n<h2 class=\"wp-block-heading\"><\/h2>\n\n\n\n<p><strong>Nora Leguizam\u00f3n<\/strong>&nbsp;se refiri\u00f3 al hecho, no sin antes mostrarse incr\u00e9dula, teniendo en cuenta c\u00f3mo era su hermana. \u201cMi hermana era una&nbsp;<strong>persona generosa, una madre y esposa ejemplar.<\/strong>&nbsp;Ten\u00edan una familia feliz, nadie podr\u00eda haber imaginado esto.<strong>&nbsp;Nunca le hubiera hecho da\u00f1o a mis sobrinos<\/strong>\u201d, dijo la mujer, a la vez que defini\u00f3 a su cu\u00f1ado,&nbsp;<strong>Adri\u00e1n Seltzer, como un \u201cfuera de serie\u201d.<\/strong><\/p>\n\n\n\n<p>Nora prefiri\u00f3 dar la entrevista a oscuras y le asegur\u00f3 a la periodista Anabella Messina que \u201cno es por verg\u00fcenza\u201d, sino por temor a la reacci\u00f3n de la gente que no los conoce.<\/p>\n\n\n\n<h2 class=\"wp-block-heading\">\u201cHace un a\u00f1o empez\u00f3 a desvariar\u201d<\/h2>\n\n\n\n<p>Mientras la investigaci\u00f3n sigue su curso, las hip\u00f3tesis m\u00e1s fuertes hablan de&nbsp;<strong>\u201cbrote psic\u00f3tico\u201d.<\/strong>&nbsp;La mujer estaba medicada psiqui\u00e1tricamente, ya que hab\u00eda tenido algunos episodios que preocuparon a su familia.<\/p>\n\n\n\n<p>Seg\u00fan su hermana, el primer llamado de atenci\u00f3n fue hace un a\u00f1o. \u201cEmpez\u00f3 a<strong>&nbsp;desvariar<\/strong>, a pensar cosas que no ten\u00edan sentido, como que<strong>&nbsp;iba a perder el trabajo o que pod\u00eda ir presa<\/strong>, pero no hab\u00eda ning\u00fan motivo real\u201d, coment\u00f3. Este temor por algo que pod\u00eda suceder recuerda una de las frases de la carta que dej\u00f3 en la escena del crimen:&nbsp;<strong>\u201cCon lo que iba a pasar, \u00edbamos a la calle\u201d.<\/strong><\/p>\n\n\n\n<p>Tras aquel episodio y luego de constatar con el lugar de trabajo de la mujer que esto no ten\u00eda ning\u00fan asidero, la familia consult\u00f3 con psiquiatras. Fue entonces cuando recibi\u00f3 tratamiento y medicaci\u00f3n.<\/p>\n\n\n\n<p>\u201cPoco antes de Pascuas,&nbsp;<strong>Adri\u00e1n me coment\u00f3 que hab\u00eda tenido otra vez algunos comentarios err\u00e1ticos<\/strong>, pero m\u00e1s<strong>&nbsp;leves<\/strong>&nbsp;que la vez anterior.&nbsp;<strong>Yo confi\u00e9&nbsp;<\/strong>en que estaba todo controlado\u201d, dijo Nora. E insiste: \u201cNo hab\u00eda nada que hiciera prever esto\u201d.<\/p>\n","protected":false},"excerpt":{"rendered":"<p>Este mi\u00e9rcoles se cumple una semana de\u00a0la masacre de Villa Crespo, en dondeLaura Leguizam\u00f3n\u00a0asesin\u00f3 a su marido, sus dos hijos y luego se suicid\u00f3. Sin poder encontrar una explicaci\u00f3n a lo ocurrido,\u00a0la hermana de la asesina\u00a0habl\u00f3 con\u00a0Telefe Noticias. Este mi\u00e9rcoles se cumple una semana de\u00a0la masacre de Villa Crespo, en dondeLaura Leguizam\u00f3n\u00a0asesin\u00f3 a su marido, [&hellip;]<\/p>\n","protected":false},"author":2,"featured_media":7431,"comment_status":"open","ping_status":"open","sticky":false,"template":"","format":"standard","meta":{"footnotes":""},"categories":[26],"tags":[],"class_list":{"0":"post-7430","1":"post","2":"type-post","3":"status-publish","4":"format-standard","5":"has-post-thumbnail","7":"category-nacionales"},"aioseo_notices":[],"_links":{"self":[{"href":"https:\/\/lalupa24.com.ar\/index.php\/wp-json\/wp\/v2\/posts\/7430","targetHints":{"allow":["GET"]}}],"collection":[{"href":"https:\/\/lalupa24.com.ar\/index.php\/wp-json\/wp\/v2\/posts"}],"about":[{"href":"https:\/\/lalupa24.com.ar\/index.php\/wp-json\/wp\/v2\/types\/post"}],"author":[{"embeddable":true,"href":"https:\/\/lalupa24.com.ar\/index.php\/wp-json\/wp\/v2\/users\/2"}],"replies":[{"embeddable":true,"href":"https:\/\/lalupa24.com.ar\/index.php\/wp-json\/wp\/v2\/comments?post=7430"}],"version-history":[{"count":1,"href":"https:\/\/lalupa24.com.ar\/index.php\/wp-json\/wp\/v2\/posts\/7430\/revisions"}],"predecessor-version":[{"id":7432,"href":"https:\/\/lalupa24.com.ar\/index.php\/wp-json\/wp\/v2\/posts\/7430\/revisions\/7432"}],"wp:featuredmedia":[{"embeddable":true,"href":"https:\/\/lalupa24.com.ar\/index.php\/wp-json\/wp\/v2\/media\/7431"}],"wp:attachment":[{"href":"https:\/\/lalupa24.com.ar\/index.php\/wp-json\/wp\/v2\/media?parent=7430"}],"wp:term":[{"taxonomy":"category","embeddable":true,"href":"https:\/\/lalupa24.com.ar\/index.php\/wp-json\/wp\/v2\/categories?post=7430"},{"taxonomy":"post_tag","embeddable":true,"href":"https:\/\/lalupa24.com.ar\/index.php\/wp-json\/wp\/v2\/tags?post=7430"}],"curies":[{"name":"wp","href":"https:\/\/api.w.org\/{rel}","templated":true}]}}