{"id":7457,"date":"2025-05-28T12:54:20","date_gmt":"2025-05-28T15:54:20","guid":{"rendered":"https:\/\/lalupa24.com.ar\/?p=7457"},"modified":"2025-05-28T12:54:21","modified_gmt":"2025-05-28T15:54:21","slug":"uncaus-y-adepra-firmaron-un-acuerdo-para-impulsar-acciones-educativas-cientificas-y-culturales","status":"publish","type":"post","link":"https:\/\/lalupa24.com.ar\/index.php\/2025\/05\/28\/uncaus-y-adepra-firmaron-un-acuerdo-para-impulsar-acciones-educativas-cientificas-y-culturales\/","title":{"rendered":"UNCAUS y ADePRA firmaron un acuerdo para impulsar acciones educativas, cient\u00edficas y culturales"},"content":{"rendered":"\n<p>La Universidad Nacional del Chaco Austral (UNCAUS) y la Asociaci\u00f3n Civil de la Defensa P\u00fablica de la Rep\u00fablica Argentina (ADePRA) firmaron un Convenio Marco de Cooperaci\u00f3n y Asistencia Rec\u00edproca con el objetivo de articular esfuerzos en materia educativa, cient\u00edfica y cultural.<\/p>\n\n\n\n<p>El acuerdo fue suscripto en la Escuela de Gobierno y Negocios del Chaco Austral (ENCA) por el rector de UNCAUS, Esp. Abog. Germ\u00e1n Eduardo Oestmann, y la representante de ADePRA, Sra. Silvia Marcela Pecse, quienes destacaron el inter\u00e9s mutuo en avanzar hacia un trabajo colaborativo entre ambas instituciones.<\/p>\n\n\n\n<p>El convenio establece un marco de articulaci\u00f3n e implementaci\u00f3n de acciones conjuntas, orientadas a potenciar el desarrollo institucional en el \u00e1mbito de las competencias propias de cada parte. Entre los objetivos principales, se contempla la gesti\u00f3n de cooperaci\u00f3n, asistencia t\u00e9cnica y el aprovechamiento integral de recursos culturales, cient\u00edficos, econ\u00f3micos y tecnol\u00f3gicos.<\/p>\n\n\n\n<p>Este acuerdo se enmarca en la visi\u00f3n estrat\u00e9gica de UNCAUS de fortalece<\/p>\n","protected":false},"excerpt":{"rendered":"<p>La Universidad Nacional del Chaco Austral (UNCAUS) y la Asociaci\u00f3n Civil de la Defensa P\u00fablica de la Rep\u00fablica Argentina (ADePRA) firmaron un Convenio Marco de Cooperaci\u00f3n y Asistencia Rec\u00edproca con el objetivo de articular esfuerzos en materia educativa, cient\u00edfica y cultural. El acuerdo fue suscripto en la Escuela de Gobierno y Negocios del Chaco Austral [&hellip;]<\/p>\n","protected":false},"author":11,"featured_media":7458,"comment_status":"open","ping_status":"open","sticky":false,"template":"","format":"standard","meta":{"footnotes":""},"categories":[28],"tags":[],"class_list":{"0":"post-7457","1":"post","2":"type-post","3":"status-publish","4":"format-standard","5":"has-post-thumbnail","7":"category-locales"},"aioseo_notices":[],"_links":{"self":[{"href":"https:\/\/lalupa24.com.ar\/index.php\/wp-json\/wp\/v2\/posts\/7457","targetHints":{"allow":["GET"]}}],"collection":[{"href":"https:\/\/lalupa24.com.ar\/index.php\/wp-json\/wp\/v2\/posts"}],"about":[{"href":"https:\/\/lalupa24.com.ar\/index.php\/wp-json\/wp\/v2\/types\/post"}],"author":[{"embeddable":true,"href":"https:\/\/lalupa24.com.ar\/index.php\/wp-json\/wp\/v2\/users\/11"}],"replies":[{"embeddable":true,"href":"https:\/\/lalupa24.com.ar\/index.php\/wp-json\/wp\/v2\/comments?post=7457"}],"version-history":[{"count":1,"href":"https:\/\/lalupa24.com.ar\/index.php\/wp-json\/wp\/v2\/posts\/7457\/revisions"}],"predecessor-version":[{"id":7459,"href":"https:\/\/lalupa24.com.ar\/index.php\/wp-json\/wp\/v2\/posts\/7457\/revisions\/7459"}],"wp:featuredmedia":[{"embeddable":true,"href":"https:\/\/lalupa24.com.ar\/index.php\/wp-json\/wp\/v2\/media\/7458"}],"wp:attachment":[{"href":"https:\/\/lalupa24.com.ar\/index.php\/wp-json\/wp\/v2\/media?parent=7457"}],"wp:term":[{"taxonomy":"category","embeddable":true,"href":"https:\/\/lalupa24.com.ar\/index.php\/wp-json\/wp\/v2\/categories?post=7457"},{"taxonomy":"post_tag","embeddable":true,"href":"https:\/\/lalupa24.com.ar\/index.php\/wp-json\/wp\/v2\/tags?post=7457"}],"curies":[{"name":"wp","href":"https:\/\/api.w.org\/{rel}","templated":true}]}}