{"id":7521,"date":"2025-05-29T12:02:27","date_gmt":"2025-05-29T15:02:27","guid":{"rendered":"https:\/\/lalupa24.com.ar\/?p=7521"},"modified":"2025-05-29T12:02:29","modified_gmt":"2025-05-29T15:02:29","slug":"los-murcielagos-campeones-del-mundo","status":"publish","type":"post","link":"https:\/\/lalupa24.com.ar\/index.php\/2025\/05\/29\/los-murcielagos-campeones-del-mundo\/","title":{"rendered":"Los murcielagos campeones del mundo"},"content":{"rendered":"\n<p><\/p>\n\n\n\n<p>Desde el Instituto del Deporte Chaque\u00f1o saludaron y felicitaron a los flamantes campeones del mundo, los Murci\u00e9lagos, selecci\u00f3n de f\u00fatbol para ciegos, quienes se consagraron por tercera vez campeones del mundo, en Jap\u00f3n (Osaka).<br>El seleccionado argentino venci\u00f3 2 a 0 en la final al equipo local, logrando as\u00ed la \u201cCopa Elite\u201d del torneo.<br>Desde el Instituto del Deporte hacemos menci\u00f3n especial a los 2 chaque\u00f1os que integran la delegaci\u00f3n Argentina ; \u00c1ngel Deld\u00f3 capit\u00e1n de la selecci\u00f3n y Abel Estigarribia como integrantes del cuerpo t\u00e9cnico y miembros de la Fundaci\u00f3n Desocha.<br>Por su parte el seleccionado femenino de f\u00fatbol para ciegas \u201cLas murci\u00e9lagas\u201d, perdieron la final 1 a 0 ante Jap\u00f3n del Grand prix de Osaka, quedando segundas donde participaron los seleccionados de Inglaterra, Australia, Argentina y Jap\u00f3n quien fue el campe\u00f3n.<br>\u201cPara nosotros es una enorme alegr\u00eda, nos sentimos orgullosos de los Murci\u00e9lagos por el equipazo que nos ha representado y por el esfuerzo que ha logrado un resultado tan valioso\u201d- manifest\u00f3 el presidente del IDCH, Fabio V\u00e1zquez.<\/p>\n","protected":false},"excerpt":{"rendered":"<p>Desde el Instituto del Deporte Chaque\u00f1o saludaron y felicitaron a los flamantes campeones del mundo, los Murci\u00e9lagos, selecci\u00f3n de f\u00fatbol para ciegos, quienes se consagraron por tercera vez campeones del mundo, en Jap\u00f3n (Osaka).El seleccionado argentino venci\u00f3 2 a 0 en la final al equipo local, logrando as\u00ed la \u201cCopa Elite\u201d del torneo.Desde el Instituto [&hellip;]<\/p>\n","protected":false},"author":2,"featured_media":7522,"comment_status":"open","ping_status":"open","sticky":false,"template":"","format":"standard","meta":{"footnotes":""},"categories":[100,28],"tags":[],"class_list":{"0":"post-7521","1":"post","2":"type-post","3":"status-publish","4":"format-standard","5":"has-post-thumbnail","7":"category-deportes","8":"category-locales"},"aioseo_notices":[],"_links":{"self":[{"href":"https:\/\/lalupa24.com.ar\/index.php\/wp-json\/wp\/v2\/posts\/7521","targetHints":{"allow":["GET"]}}],"collection":[{"href":"https:\/\/lalupa24.com.ar\/index.php\/wp-json\/wp\/v2\/posts"}],"about":[{"href":"https:\/\/lalupa24.com.ar\/index.php\/wp-json\/wp\/v2\/types\/post"}],"author":[{"embeddable":true,"href":"https:\/\/lalupa24.com.ar\/index.php\/wp-json\/wp\/v2\/users\/2"}],"replies":[{"embeddable":true,"href":"https:\/\/lalupa24.com.ar\/index.php\/wp-json\/wp\/v2\/comments?post=7521"}],"version-history":[{"count":1,"href":"https:\/\/lalupa24.com.ar\/index.php\/wp-json\/wp\/v2\/posts\/7521\/revisions"}],"predecessor-version":[{"id":7523,"href":"https:\/\/lalupa24.com.ar\/index.php\/wp-json\/wp\/v2\/posts\/7521\/revisions\/7523"}],"wp:featuredmedia":[{"embeddable":true,"href":"https:\/\/lalupa24.com.ar\/index.php\/wp-json\/wp\/v2\/media\/7522"}],"wp:attachment":[{"href":"https:\/\/lalupa24.com.ar\/index.php\/wp-json\/wp\/v2\/media?parent=7521"}],"wp:term":[{"taxonomy":"category","embeddable":true,"href":"https:\/\/lalupa24.com.ar\/index.php\/wp-json\/wp\/v2\/categories?post=7521"},{"taxonomy":"post_tag","embeddable":true,"href":"https:\/\/lalupa24.com.ar\/index.php\/wp-json\/wp\/v2\/tags?post=7521"}],"curies":[{"name":"wp","href":"https:\/\/api.w.org\/{rel}","templated":true}]}}