{"id":758,"date":"2024-03-18T22:17:34","date_gmt":"2024-03-19T01:17:34","guid":{"rendered":"https:\/\/lalupa24.com.ar\/?p=758"},"modified":"2024-03-18T22:31:58","modified_gmt":"2024-03-19T01:31:58","slug":"inscripcion-abierta-para-el-taller-de-lengua-de-senas-en-el-poder-legislativo","status":"publish","type":"post","link":"https:\/\/lalupa24.com.ar\/index.php\/2024\/03\/18\/inscripcion-abierta-para-el-taller-de-lengua-de-senas-en-el-poder-legislativo\/","title":{"rendered":"Inscripci\u00f3n abierta para el taller de lengua de se\u00f1as en el poder legislativo"},"content":{"rendered":"\n<p><\/p>\n\n\n\n<p>Se informa a la ciudadan\u00eda en general que se encuentra abierta la inscripci\u00f3n al Taller B\u00e1sico de Lengua de Se\u00f1as Argentina 2024 &#8220;Las manos como canal de comunicaci\u00f3n&#8221;, de car\u00e1cter p\u00fablico y gratuito. Los interesados podr\u00e1n anotarse hasta el pr\u00f3ximo 1 de abril.<\/p>\n\n\n\n<p>Las jornadas se dictar\u00e1n en el Sal\u00f3n Auditorio Telma Farr\u00e9 de Vaernet ubicado en Roque S\u00e1enz Pe\u00f1a N\u00ba 167 de Resistencia, organizados en tres grupos. El Grupo 1: los Martes de 16 a 18hs; Grupo 2: Mi\u00e9rcoles de 16 a 18hs y Grupo 3: Jueves de 16 a 18hs.<\/p>\n\n\n\n<p>Los talleres son organizados y coordinados por la Direcci\u00f3n General de Legislaci\u00f3n y dictados por personal del \u00c1rea de Discapacidad del Poder. Se enmarcan en la Ley Nacional N\u00ba 27.710 que reconoce a las Lengua de Se\u00f1as Argentina como una lengua natural y originaria, y las Leyes 1330-E y 1612-A que incorporan y jerarquizan la ense\u00f1anza de la LSA y su uso en \u00e1mbitos institucionales en la provincia, con el objeto de facilitar la inclusi\u00f3n de personas mudas, sordas e hipoac\u00fasicas.<\/p>\n\n\n\n<p>Para inscribirse, podr\u00e1n ingresar al siguiente link y completar el formulario con los datos personales:&nbsp;<a href=\"https:\/\/forms.gle\/bN4iQEBcm8f26EN4A\" target=\"_blank\" rel=\"noreferrer noopener\">https:\/\/forms.gle\/bN4iQEBcm8f26EN4A<\/a><\/p>\n","protected":false},"excerpt":{"rendered":"<p>Se informa a la ciudadan\u00eda en general que se encuentra abierta la inscripci\u00f3n al Taller B\u00e1sico de Lengua de Se\u00f1as Argentina 2024 &#8220;Las manos como canal de comunicaci\u00f3n&#8221;, de car\u00e1cter p\u00fablico y gratuito. Los interesados podr\u00e1n anotarse hasta el pr\u00f3ximo 1 de abril. Las jornadas se dictar\u00e1n en el Sal\u00f3n Auditorio Telma Farr\u00e9 de Vaernet [&hellip;]<\/p>\n","protected":false},"author":2,"featured_media":759,"comment_status":"open","ping_status":"open","sticky":false,"template":"","format":"standard","meta":{"footnotes":""},"categories":[28],"tags":[],"class_list":{"0":"post-758","1":"post","2":"type-post","3":"status-publish","4":"format-standard","5":"has-post-thumbnail","7":"category-locales"},"aioseo_notices":[],"_links":{"self":[{"href":"https:\/\/lalupa24.com.ar\/index.php\/wp-json\/wp\/v2\/posts\/758","targetHints":{"allow":["GET"]}}],"collection":[{"href":"https:\/\/lalupa24.com.ar\/index.php\/wp-json\/wp\/v2\/posts"}],"about":[{"href":"https:\/\/lalupa24.com.ar\/index.php\/wp-json\/wp\/v2\/types\/post"}],"author":[{"embeddable":true,"href":"https:\/\/lalupa24.com.ar\/index.php\/wp-json\/wp\/v2\/users\/2"}],"replies":[{"embeddable":true,"href":"https:\/\/lalupa24.com.ar\/index.php\/wp-json\/wp\/v2\/comments?post=758"}],"version-history":[{"count":1,"href":"https:\/\/lalupa24.com.ar\/index.php\/wp-json\/wp\/v2\/posts\/758\/revisions"}],"predecessor-version":[{"id":760,"href":"https:\/\/lalupa24.com.ar\/index.php\/wp-json\/wp\/v2\/posts\/758\/revisions\/760"}],"wp:featuredmedia":[{"embeddable":true,"href":"https:\/\/lalupa24.com.ar\/index.php\/wp-json\/wp\/v2\/media\/759"}],"wp:attachment":[{"href":"https:\/\/lalupa24.com.ar\/index.php\/wp-json\/wp\/v2\/media?parent=758"}],"wp:term":[{"taxonomy":"category","embeddable":true,"href":"https:\/\/lalupa24.com.ar\/index.php\/wp-json\/wp\/v2\/categories?post=758"},{"taxonomy":"post_tag","embeddable":true,"href":"https:\/\/lalupa24.com.ar\/index.php\/wp-json\/wp\/v2\/tags?post=758"}],"curies":[{"name":"wp","href":"https:\/\/api.w.org\/{rel}","templated":true}]}}