{"id":761,"date":"2024-03-18T22:22:56","date_gmt":"2024-03-19T01:22:56","guid":{"rendered":"https:\/\/lalupa24.com.ar\/?p=761"},"modified":"2024-03-18T22:25:50","modified_gmt":"2024-03-19T01:25:50","slug":"vii-jornadas-chaquenas-de-derecho-de-las-familias-ninez-y-adolescencia","status":"publish","type":"post","link":"https:\/\/lalupa24.com.ar\/index.php\/2024\/03\/18\/vii-jornadas-chaquenas-de-derecho-de-las-familias-ninez-y-adolescencia\/","title":{"rendered":"UNCAUS presente en las VII Jornadas chaque\u00f1as de derecho de las familias, ni\u00f1ez y adolescencia"},"content":{"rendered":"\n<p><\/p>\n\n\n\n<p>La Casa de las Culturas fue sede de las VII jornadas chaque\u00f1as de derecho de las familias, ni\u00f1ez y<br>adolescencia que se llevaron a cabo los d\u00edas viernes 15 y s\u00e1bado 16 de marzo.<\/p>\n\n\n\n<p>Di\u00f3 inicio con un acto en el que estuvieron presentes el Rector de la Universidad Nacional del<br>Chaco Austral German Oestmann, el presidente del Superior Tribunal de Justicia del Chaco, V\u00edctor<br>del R\u00edo, Emilia Mar\u00eda Valle, Enrique Varela e Iride Isabel Mar\u00eda Grillo, la defensora general Alicia<br>Alcal\u00e1, Carmen Delgado, presidente de la Legislatura; Sonia Seba, coordinadora de las jornadas;<br>Rub\u00e9n Duk, titular de Fundaci\u00f3n Formarte, el especialista Andr\u00e9s Gil Dom\u00ednguez, agentes del<br>Poder Judicial, integrantes del Poder Ejecutivo y p\u00fablico en general.<\/p>\n\n\n\n<p>El Rector de la UNCAUS Germ\u00e1n Oestmann, manifest\u00f3 sobre la importancia de la realizaci\u00f3n de<br>estas Jornadas ya que es un evento muy importante que nuclea representantes de la rama del<br>derecho de distintos lugares de la Argentina con una visi\u00f3n muy integra y federal. &#8220;Un evento que<br>viene creciendo a\u00f1o a a\u00f1o y se lleva a cabo mediante un modelo h\u00edbrido&#8221; expres\u00f3 el Rector,<br>destacando tambi\u00e9n que es un momento para compartir temas de actualidad contando con la visita<br>de juristas de renombres.<\/p>\n\n\n\n<p>Para concluir reflexion\u00f3 que estas Jornadas son muy importantes para la provincia del Chaco y a\u00fan<br>m\u00e1s para la UNCAUS al poder llevar adelante un evento de esta envergadura.<\/p>\n\n\n\n<p>Por su parte Rub\u00e9n Duk, titular de Fundaci\u00f3n Formarte resalt\u00f3 la continuidad que tienen estas<br>Jornadas y la importancia del contenido, los disertantes y los temas que se debaten siempre son de<br>vanguardia en la tem\u00e1tica, generando cuestiones que tienen que ver con el conocimiento, la creaci\u00f3n<br>de nuevos contenidos, el debate de temas que luego terminan siendo proyectos legislativos y por<br>sobre todo un plantel de docentes que conjuntamente con la UNCAUS, El Consejo de Abogados, El<br>Instituto de Ni\u00f1ez del Consejo de Abogados, Fundaci\u00f3n Formarte y Editorial ConTexto trabajan<br>para que esto contin\u00fae y que estas Jornadas sean un faro desde el Norte del pa\u00eds que iluminan a todo<br>el derecho de las familias.<\/p>\n\n\n\n<p>Por otro lado destac\u00f3 que seguir realizando estas Jornadas les da mucha alegr\u00eda a pesar de que las<br>situaciones cambian no decayeron ni el nivel, ni la cantidad de asistentes.<\/p>\n\n\n\n<p>La doctora Sonia Seba, coordinadora general de estas Jornadas, di\u00f3 detalles sobre las mismas<br>denomin\u00e1ndolas como un evento federal de gran magnitud en cuanto a los participantes que est\u00e1n<br>esta oportunidad fueron 300 personas, 12 profesores de distintos puntos del pa\u00eds realizando sus<br>conferencias magistrales y una mesa de trabajo de la Justicia de Paz a nivel nacional.<\/p>\n\n\n\n<p>&#8220;La oportunidad de ser sede de estas importantes actividades prestigian a la UNCAUS y<br>demuestran que el Chaco tambi\u00e9n fracciona porque tenemos asistentes de Puerto Madryn, Caleta<br>Olivia, Jujuy, Catamarca, Salta y pr\u00e1cticamente de todo el pa\u00eds&#8221; asever\u00f3 la profesora, agregando<br>que esto muestra adem\u00e1s que se trabaja con material de importancia actualizado para compartir y<br>mejorar.<\/p>\n\n\n\n<p>Hizo hincapi\u00e9 que esto es una oportunidad importante para los estudiantes de la UNCAUS al saber<br>que sus profesores son parte del colectivo federal que sienten la responsabilidad de mejorar para<br>brindarles una formaci\u00f3n de excelencia ya que, los estudiantes son los profesionales de ma\u00f1ana.<\/p>\n\n\n\n<p>En esta l\u00ednea, el Doctor Victor del R\u00edo presidente del Superior Tribunal de Justicia del Chaco<br>defini\u00f3 a la actividad como unas &#8220;jornadas que nos enaltecen&#8221; ya que generan la capacidad de ser un<br>foco de atenci\u00f3n y de interpelaci\u00f3n. Asegur\u00f3 tambi\u00e9n que representan un lugar donde las cosas se<br>dicen de frente y permiten poner a la luz y visibilizar las realidades que afectan a la igualdad ante la<br>ley de tantos sectores vulnerables sobre todo en los m\u00e1s sensibles tales como la violencia sobre la<br>mujer, la ni\u00f1ez y las infancias.<\/p>\n\n\n\n<p>&#8220;El camino hacia el sol nos permite ver hacia d\u00f3nde vamos, ver nuestros pasos. Si lo hacemos de<br>espaldas al sol nos proyectamos en nuestras sombras y oscuridades&#8221; Y concluy\u00f3: &#8220;un derecho<br>convencional nos exige siempre una protecci\u00f3n, una mirada continua y actualizada de los m\u00e1s<br>vulnerables&#8221;.<\/p>\n\n\n\n<p>El Doctor Federico Notrica defini\u00f3 a estas VII Jornadas chaque\u00f1as de derecho de las familias,<br>ni\u00f1ez, y adolescencia como una marca registrada de la provincia del Chaco y son un espacio donde<br>se encuentran personas de todos los puntos del pa\u00eds para pensar, repensar y reflexionar sobre los<br>temas que hoy en la actualidad se tratan como ser discapacidad, autonom\u00eda progresiva de ni\u00f1os y<br>adolescentes y violencias de g\u00e9neros.<\/p>\n\n\n\n<p>&#8220;Siempre contamos con el apoyo absoluto de la Universidad Nacional del Chaco Austral que es<br>nuestra segunda casa. Siempre nos aloja y nos posibilita reencontrarnos y sostenernos en estos<br>tiempos&#8221;<\/p>\n\n\n\n<p>Esta s\u00e9ptima edici\u00f3n de las jornadas fue posible gracias al compromiso y la colaboraci\u00f3n entre el<br>Instituto de Derecho de Familias y Sucesiones del Consejo Profesional de la Abogac\u00eda de<br>Resistencia, la Universidad Nacional del Chaco Austral, Fundaci\u00f3n Formarte, Librer\u00eda Editorial<br>ConTexto y es coordinado por Sonia Seba.<\/p>\n\n\n\n<p>El encuentro logr\u00f3 ser una respuesta a los desaf\u00edos que enfrenta el derecho de las familias y,<br>tambi\u00e9n, un espacio de reflexi\u00f3n, intercambio y actualizaci\u00f3n. Los organizadores pudieron<br>consolidar una visi\u00f3n integral que trascendi\u00f3 los l\u00edmites disciplinarios y foment\u00f3 un abordaje<br>comprensivo y profundo de los temas que les conciernen.<\/p>\n","protected":false},"excerpt":{"rendered":"<p>La Casa de las Culturas fue sede de las VII jornadas chaque\u00f1as de derecho de las familias, ni\u00f1ez yadolescencia que se llevaron a cabo los d\u00edas viernes 15 y s\u00e1bado 16 de marzo. Di\u00f3 inicio con un acto en el que estuvieron presentes el Rector de la Universidad Nacional delChaco Austral German Oestmann, el presidente [&hellip;]<\/p>\n","protected":false},"author":2,"featured_media":762,"comment_status":"open","ping_status":"open","sticky":false,"template":"","format":"standard","meta":{"footnotes":""},"categories":[28],"tags":[],"class_list":{"0":"post-761","1":"post","2":"type-post","3":"status-publish","4":"format-standard","5":"has-post-thumbnail","7":"category-locales"},"aioseo_notices":[],"_links":{"self":[{"href":"https:\/\/lalupa24.com.ar\/index.php\/wp-json\/wp\/v2\/posts\/761","targetHints":{"allow":["GET"]}}],"collection":[{"href":"https:\/\/lalupa24.com.ar\/index.php\/wp-json\/wp\/v2\/posts"}],"about":[{"href":"https:\/\/lalupa24.com.ar\/index.php\/wp-json\/wp\/v2\/types\/post"}],"author":[{"embeddable":true,"href":"https:\/\/lalupa24.com.ar\/index.php\/wp-json\/wp\/v2\/users\/2"}],"replies":[{"embeddable":true,"href":"https:\/\/lalupa24.com.ar\/index.php\/wp-json\/wp\/v2\/comments?post=761"}],"version-history":[{"count":2,"href":"https:\/\/lalupa24.com.ar\/index.php\/wp-json\/wp\/v2\/posts\/761\/revisions"}],"predecessor-version":[{"id":765,"href":"https:\/\/lalupa24.com.ar\/index.php\/wp-json\/wp\/v2\/posts\/761\/revisions\/765"}],"wp:featuredmedia":[{"embeddable":true,"href":"https:\/\/lalupa24.com.ar\/index.php\/wp-json\/wp\/v2\/media\/762"}],"wp:attachment":[{"href":"https:\/\/lalupa24.com.ar\/index.php\/wp-json\/wp\/v2\/media?parent=761"}],"wp:term":[{"taxonomy":"category","embeddable":true,"href":"https:\/\/lalupa24.com.ar\/index.php\/wp-json\/wp\/v2\/categories?post=761"},{"taxonomy":"post_tag","embeddable":true,"href":"https:\/\/lalupa24.com.ar\/index.php\/wp-json\/wp\/v2\/tags?post=761"}],"curies":[{"name":"wp","href":"https:\/\/api.w.org\/{rel}","templated":true}]}}