{"id":7625,"date":"2025-05-30T20:11:23","date_gmt":"2025-05-30T23:11:23","guid":{"rendered":"https:\/\/lalupa24.com.ar\/?p=7625"},"modified":"2025-05-30T20:11:25","modified_gmt":"2025-05-30T23:11:25","slug":"agasajo-de-la-iglesia-a-la-prensa-en-la-59-jornada-municipal-de-las-comunicaciones-sociales","status":"publish","type":"post","link":"https:\/\/lalupa24.com.ar\/index.php\/2025\/05\/30\/agasajo-de-la-iglesia-a-la-prensa-en-la-59-jornada-municipal-de-las-comunicaciones-sociales\/","title":{"rendered":"Agasajo de la iglesia a la prensa en la 59 jornada municipal de las comunicaciones sociales"},"content":{"rendered":"\n<p><\/p>\n\n\n\n<p>El Arzobispado de Resistencia, en conjunto con la Municipalidad, agasaj\u00f3 a los comunicadores y periodistas, en el marco de la 59\u00b0 Jornada Mundial de las Comunicaciones Sociales.<\/p>\n\n\n\n<p>El evento se desarroll\u00f3 en las instalaciones del Club Social, donde se reconoci\u00f3 el aporte de la prensa con entrega de certificados y un desayuno de camarader\u00eda.<\/p>\n\n\n\n<p>El presb\u00edtero Marcelo S\u00e1nchez, asesor pastoral, explic\u00f3 que \u201ccelebramos esta adhesi\u00f3n a la Jornada Mundial en v\u00edsperas de la Fiesta de la Ascenci\u00f3n del Se\u00f1or, donde Jes\u00fas nos dej\u00f3 esta misi\u00f3n de anunciar a todos esta buena noticia\u201d.<\/p>\n\n\n\n<p>Mientras que monse\u00f1or Ram\u00f3n Dus expres\u00f3: \u201cQuiero agradecer la presencia de los comunicadores y el apoyo del Municipio para poner este signo de encuentro\u201d.<\/p>\n\n\n\n<p>\u201cEs una jornada de reflexi\u00f3n de la comunicaci\u00f3n social y el servicio que nos impulsa la liturgia cat\u00f3lica, con la responsabilidad de contribuir a la comunicaci\u00f3n entre los hombres, de fraternidad y la paz\u201d, agreg\u00f3.<\/p>\n\n\n\n<p>Desde la Secretar\u00eda de Desarrollo Humano acompa\u00f1aron este evento, destacando el trabajo conjunto, resaltando el momento en que Jes\u00fas dijo a sus ap\u00f3stoles que vayan y lleven sus palabras\u201d.<\/p>\n","protected":false},"excerpt":{"rendered":"<p>El Arzobispado de Resistencia, en conjunto con la Municipalidad, agasaj\u00f3 a los comunicadores y periodistas, en el marco de la 59\u00b0 Jornada Mundial de las Comunicaciones Sociales. El evento se desarroll\u00f3 en las instalaciones del Club Social, donde se reconoci\u00f3 el aporte de la prensa con entrega de certificados y un desayuno de camarader\u00eda. El [&hellip;]<\/p>\n","protected":false},"author":2,"featured_media":7626,"comment_status":"open","ping_status":"open","sticky":false,"template":"","format":"standard","meta":{"footnotes":""},"categories":[28],"tags":[],"class_list":{"0":"post-7625","1":"post","2":"type-post","3":"status-publish","4":"format-standard","5":"has-post-thumbnail","7":"category-locales"},"aioseo_notices":[],"_links":{"self":[{"href":"https:\/\/lalupa24.com.ar\/index.php\/wp-json\/wp\/v2\/posts\/7625","targetHints":{"allow":["GET"]}}],"collection":[{"href":"https:\/\/lalupa24.com.ar\/index.php\/wp-json\/wp\/v2\/posts"}],"about":[{"href":"https:\/\/lalupa24.com.ar\/index.php\/wp-json\/wp\/v2\/types\/post"}],"author":[{"embeddable":true,"href":"https:\/\/lalupa24.com.ar\/index.php\/wp-json\/wp\/v2\/users\/2"}],"replies":[{"embeddable":true,"href":"https:\/\/lalupa24.com.ar\/index.php\/wp-json\/wp\/v2\/comments?post=7625"}],"version-history":[{"count":1,"href":"https:\/\/lalupa24.com.ar\/index.php\/wp-json\/wp\/v2\/posts\/7625\/revisions"}],"predecessor-version":[{"id":7627,"href":"https:\/\/lalupa24.com.ar\/index.php\/wp-json\/wp\/v2\/posts\/7625\/revisions\/7627"}],"wp:featuredmedia":[{"embeddable":true,"href":"https:\/\/lalupa24.com.ar\/index.php\/wp-json\/wp\/v2\/media\/7626"}],"wp:attachment":[{"href":"https:\/\/lalupa24.com.ar\/index.php\/wp-json\/wp\/v2\/media?parent=7625"}],"wp:term":[{"taxonomy":"category","embeddable":true,"href":"https:\/\/lalupa24.com.ar\/index.php\/wp-json\/wp\/v2\/categories?post=7625"},{"taxonomy":"post_tag","embeddable":true,"href":"https:\/\/lalupa24.com.ar\/index.php\/wp-json\/wp\/v2\/tags?post=7625"}],"curies":[{"name":"wp","href":"https:\/\/api.w.org\/{rel}","templated":true}]}}