{"id":7640,"date":"2025-05-31T11:26:07","date_gmt":"2025-05-31T14:26:07","guid":{"rendered":"https:\/\/lalupa24.com.ar\/?p=7640"},"modified":"2025-05-31T11:26:09","modified_gmt":"2025-05-31T14:26:09","slug":"educacion-y-la-facultad-de-humanidades-acuerdan-pasantias-y-practicas-profesionales-para-estudiantes-en-instituciones-escolares","status":"publish","type":"post","link":"https:\/\/lalupa24.com.ar\/index.php\/2025\/05\/31\/educacion-y-la-facultad-de-humanidades-acuerdan-pasantias-y-practicas-profesionales-para-estudiantes-en-instituciones-escolares\/","title":{"rendered":"Educaci\u00f3n y la facultad de humanidades acuerdan pasant\u00edas y practicas profesionales para estudiantes en instituciones escolares"},"content":{"rendered":"\n<p><br><\/p>\n\n\n\n<p>La ministra de Educaci\u00f3n de Chaco, Sof\u00eda Naidenoff, y la decana de la Facultad de Humanidades de la Universidad Nacional del Nordeste (UNNE), Graciela Beatriz Guarino, firmaron este viernes un acuerdo de colaboraci\u00f3n mutua para la realizaci\u00f3n de observaciones de clases, pasant\u00edas y pr\u00e1cticas profesionales supervisadas. En este marco, estudiantes de carreras de grado de esta facultad podr\u00e1n realizar sus pr\u00e1cticas en instituciones educativas de los diferentes niveles y modalidades, incluyendo el Subsistema Bibliotecario Provincial.<br>El acuerdo alcanza a los talleres de Integraci\u00f3n, Investigaci\u00f3n y Pr\u00e1ctica y a las c\u00e1tedras Pr\u00e1ctica y Residencia en instituciones escolares. Los estudiantes universitarios que desempe\u00f1ar\u00e1n tareas en los establecimientos educativos deber\u00e1n cumplir con una serie de objetivos pautados e informar el programa de las actividades que desarrollar\u00e1n a la Direcci\u00f3n Regional Educativa correspondiente.<br>La subsecretaria de Educaci\u00f3n, Isabel Sanchuk, resalt\u00f3 la relevancia estrat\u00e9gica de esta colaboraci\u00f3n interinstitucional para asegurar que los aspirantes a la docencia &#8220;puedan experimentar de primera mano la realidad inherente al entorno \u00e1ulico&#8221;. Adem\u00e1s, puntualiz\u00f3 el profundo impacto formativo de esta iniciativa, al concebirla como &#8220;un modelo de co-formaci\u00f3n que articula la experiencia del docente en el campo profesional con el proceso de aprendizaje de los estudiantes, enriqueciendo as\u00ed la trayectoria formativa de ambos&#8221;.<\/p>\n","protected":false},"excerpt":{"rendered":"<p>La ministra de Educaci\u00f3n de Chaco, Sof\u00eda Naidenoff, y la decana de la Facultad de Humanidades de la Universidad Nacional del Nordeste (UNNE), Graciela Beatriz Guarino, firmaron este viernes un acuerdo de colaboraci\u00f3n mutua para la realizaci\u00f3n de observaciones de clases, pasant\u00edas y pr\u00e1cticas profesionales supervisadas. En este marco, estudiantes de carreras de grado de [&hellip;]<\/p>\n","protected":false},"author":2,"featured_media":7641,"comment_status":"open","ping_status":"open","sticky":false,"template":"","format":"standard","meta":{"footnotes":""},"categories":[28],"tags":[],"class_list":{"0":"post-7640","1":"post","2":"type-post","3":"status-publish","4":"format-standard","5":"has-post-thumbnail","7":"category-locales"},"aioseo_notices":[],"_links":{"self":[{"href":"https:\/\/lalupa24.com.ar\/index.php\/wp-json\/wp\/v2\/posts\/7640","targetHints":{"allow":["GET"]}}],"collection":[{"href":"https:\/\/lalupa24.com.ar\/index.php\/wp-json\/wp\/v2\/posts"}],"about":[{"href":"https:\/\/lalupa24.com.ar\/index.php\/wp-json\/wp\/v2\/types\/post"}],"author":[{"embeddable":true,"href":"https:\/\/lalupa24.com.ar\/index.php\/wp-json\/wp\/v2\/users\/2"}],"replies":[{"embeddable":true,"href":"https:\/\/lalupa24.com.ar\/index.php\/wp-json\/wp\/v2\/comments?post=7640"}],"version-history":[{"count":1,"href":"https:\/\/lalupa24.com.ar\/index.php\/wp-json\/wp\/v2\/posts\/7640\/revisions"}],"predecessor-version":[{"id":7642,"href":"https:\/\/lalupa24.com.ar\/index.php\/wp-json\/wp\/v2\/posts\/7640\/revisions\/7642"}],"wp:featuredmedia":[{"embeddable":true,"href":"https:\/\/lalupa24.com.ar\/index.php\/wp-json\/wp\/v2\/media\/7641"}],"wp:attachment":[{"href":"https:\/\/lalupa24.com.ar\/index.php\/wp-json\/wp\/v2\/media?parent=7640"}],"wp:term":[{"taxonomy":"category","embeddable":true,"href":"https:\/\/lalupa24.com.ar\/index.php\/wp-json\/wp\/v2\/categories?post=7640"},{"taxonomy":"post_tag","embeddable":true,"href":"https:\/\/lalupa24.com.ar\/index.php\/wp-json\/wp\/v2\/tags?post=7640"}],"curies":[{"name":"wp","href":"https:\/\/api.w.org\/{rel}","templated":true}]}}