{"id":766,"date":"2024-03-18T22:28:10","date_gmt":"2024-03-19T01:28:10","guid":{"rendered":"https:\/\/lalupa24.com.ar\/?p=766"},"modified":"2024-03-18T22:28:11","modified_gmt":"2024-03-19T01:28:11","slug":"stj-presente-en-homenaje-a-victimas-y-sobrevivientes-del-atentado-a-la-embajada-de-israel","status":"publish","type":"post","link":"https:\/\/lalupa24.com.ar\/index.php\/2024\/03\/18\/stj-presente-en-homenaje-a-victimas-y-sobrevivientes-del-atentado-a-la-embajada-de-israel\/","title":{"rendered":"STJ presente en homenaje a v\u00edctimas y sobrevivientes del atentado a la Embajada de Israel"},"content":{"rendered":"\n<hr class=\"wp-block-separator has-alpha-channel-opacity\" \/>\n\n\n\n<p>El presidente del Superior Tribunal de Justicia del Chaco, V\u00edctor del R\u00edo, su par Iride Isabel Mar\u00eda Grillo y la defensora general Alicia Alcal\u00e1 participaron del acto de recordaci\u00f3n en homenaje a las v\u00edctimas y sobrevivientes del atentado contra la sede de la Embajada de Israel en Argentina ocurrido el 17 de marzo de 1992.<br><br>La ceremonia tuvo lugar frente a la Asociaci\u00f3n Isarelita de Beneficencia de Resistencia bajo la consigna ?recordar hoy y siempre es nuestra premisa, para que nunca m\u00e1s ocurran actos de esta \u00edndole en nuestro pa\u00eds, fortaleciendo los conceptos de memoria y de condena al terrorismo que tanto mal causa a la humanidad?.<br><br>Tambi\u00e9n estuvieron presentes el gobernador Leandro Zdero, el presidente de la Asociaci\u00f3n Israelita de Beneficencia de Resistencia, Uri Jaraz; el rabino de la Comunidad Jud\u00eda de Resistencia Natan Waingortin, funcionarios del gobierno provincial y municipal, legisladores, autoridades religiosas y p\u00fablico en general. &nbsp;<br><br>Al inicio, j\u00f3venes de la comunidad y de la orquesta Ad Libitum interpretaron el himno nacional de Israel ?Hatikva?. Luego hubo una oraci\u00f3n por la paz a cargo del rabin Waingortin y la joven Dalila Jaraz ley\u00f3 un breve discurso. Despu\u00e9s fue el turno de Sim\u00f3n Strugo, quien en representaci\u00f3n de la Comunidad Sefarad\u00ed de Resistencia, dirigi\u00f3 unas palabras a los presentes. Posteriormente hicieron lo propio Jaraz y el gobernador Zdero. El cierre estuvo a cargo de los j\u00f3venes de la comunidad y la orquesta Ad Libitum, que interpretaron el Adom Olam.<\/p>\n","protected":false},"excerpt":{"rendered":"<p>El presidente del Superior Tribunal de Justicia del Chaco, V\u00edctor del R\u00edo, su par Iride Isabel Mar\u00eda Grillo y la defensora general Alicia Alcal\u00e1 participaron del acto de recordaci\u00f3n en homenaje a las v\u00edctimas y sobrevivientes del atentado contra la sede de la Embajada de Israel en Argentina ocurrido el 17 de marzo de 1992. [&hellip;]<\/p>\n","protected":false},"author":2,"featured_media":767,"comment_status":"open","ping_status":"open","sticky":false,"template":"","format":"standard","meta":{"footnotes":""},"categories":[28],"tags":[],"class_list":{"0":"post-766","1":"post","2":"type-post","3":"status-publish","4":"format-standard","5":"has-post-thumbnail","7":"category-locales"},"aioseo_notices":[],"_links":{"self":[{"href":"https:\/\/lalupa24.com.ar\/index.php\/wp-json\/wp\/v2\/posts\/766","targetHints":{"allow":["GET"]}}],"collection":[{"href":"https:\/\/lalupa24.com.ar\/index.php\/wp-json\/wp\/v2\/posts"}],"about":[{"href":"https:\/\/lalupa24.com.ar\/index.php\/wp-json\/wp\/v2\/types\/post"}],"author":[{"embeddable":true,"href":"https:\/\/lalupa24.com.ar\/index.php\/wp-json\/wp\/v2\/users\/2"}],"replies":[{"embeddable":true,"href":"https:\/\/lalupa24.com.ar\/index.php\/wp-json\/wp\/v2\/comments?post=766"}],"version-history":[{"count":1,"href":"https:\/\/lalupa24.com.ar\/index.php\/wp-json\/wp\/v2\/posts\/766\/revisions"}],"predecessor-version":[{"id":768,"href":"https:\/\/lalupa24.com.ar\/index.php\/wp-json\/wp\/v2\/posts\/766\/revisions\/768"}],"wp:featuredmedia":[{"embeddable":true,"href":"https:\/\/lalupa24.com.ar\/index.php\/wp-json\/wp\/v2\/media\/767"}],"wp:attachment":[{"href":"https:\/\/lalupa24.com.ar\/index.php\/wp-json\/wp\/v2\/media?parent=766"}],"wp:term":[{"taxonomy":"category","embeddable":true,"href":"https:\/\/lalupa24.com.ar\/index.php\/wp-json\/wp\/v2\/categories?post=766"},{"taxonomy":"post_tag","embeddable":true,"href":"https:\/\/lalupa24.com.ar\/index.php\/wp-json\/wp\/v2\/tags?post=766"}],"curies":[{"name":"wp","href":"https:\/\/api.w.org\/{rel}","templated":true}]}}