{"id":7731,"date":"2025-06-02T11:49:17","date_gmt":"2025-06-02T14:49:17","guid":{"rendered":"https:\/\/lalupa24.com.ar\/?p=7731"},"modified":"2025-06-02T11:49:19","modified_gmt":"2025-06-02T14:49:19","slug":"hablo-el-abogado-de-annobon-la-isla-que-solicito-ayuda-a-la-argentina-y-dio-detalles-del-calvario-que-sufre-el-pueblo-africano","status":"publish","type":"post","link":"https:\/\/lalupa24.com.ar\/index.php\/2025\/06\/02\/hablo-el-abogado-de-annobon-la-isla-que-solicito-ayuda-a-la-argentina-y-dio-detalles-del-calvario-que-sufre-el-pueblo-africano\/","title":{"rendered":"Habl\u00f3 el abogado de Annob\u00f3n, la isla que solicit\u00f3 ayuda a la Argentina, y dio detalles del calvario que sufre el pueblo africano"},"content":{"rendered":"\n<p>En declaraciones radiales, el doctor Aitor Mart\u00ednez se\u00f1al\u00f3 que Guinea Ecuatorial atraviesa \u201cuna grav\u00edsima violaci\u00f3n a los derechos humanos\u201d<\/p>\n\n\n\n<p>Cuatro d\u00edas despu\u00e9s de que&nbsp;Orlando Cartagena Lagar, primer ministro de&nbsp;Annob\u00f3n, una remota isla de \u00c1frica occidental de 17 kil\u00f3metros cuadrados de extensi\u00f3n ubicada en el oc\u00e9ano Atl\u00e1ntico,&nbsp;<a href=\"https:\/\/www.infobae.com\/politica\/2025\/05\/29\/annobon-la-isla-africana-que-pide-ayuda-de-la-argentina-tenemos-un-lazo-historico-y-una-historia-comun\/\" target=\"_blank\" rel=\"noreferrer noopener\"><em>le reclamara al gobierno de Javier Milei<\/em><\/a>&nbsp;que le brinde apoyo ante la denuncia de violaciones de derechos humanos del&nbsp;r\u00e9gimen dictatorial&nbsp;de&nbsp;Guinea Ecuatorial, el abogado de la isla ante la ONU, Aitor Mart\u00ednez, advirti\u00f3 este lunes en declaraciones radiales sobre la gravedad de los hechos que viene sufriendo el pueblo annobon\u00e9s en el \u00faltimo tiempo.<\/p>\n\n\n\n<p>Seg\u00fan cont\u00f3 el doctor Mart\u00ednez esta ma\u00f1ana en di\u00e1logo con radio&nbsp;<em>Mitre<\/em>, \u201clo que sufre Guinea Ecuatorial es una violaci\u00f3n grav\u00edsima a los Derechos Humanos que tiene que preocupar a toda la comunidad internacional\u201d.<\/p>\n\n\n\n<p>\u201cAnnob\u00f3n tiene una historia colonial particular porque es una isla que&nbsp;pas\u00f3 por diferentes manos coloniales. Empez\u00f3 siendo dominada por Portugal, pas\u00f3 por manos holandesas y despu\u00e9s pas\u00f3 por manos espa\u00f1olas, y se integr\u00f3 dentro del Virreinato del R\u00edo de la Plata\u201d, explic\u00f3 Mart\u00ednez esta ma\u00f1ana en declaraciones radiales.<\/p>\n\n\n\n<p>Respecto del pedido de ayuda que impulsa el primer ministro Cartagena Lagar, el apoderado de la isla ante Naciones Unidas explic\u00f3 que la decisi\u00f3n fue tomada por la m\u00e1xima autoridad de la isla en medio de la&nbsp;\u201credada masiva\u201d&nbsp;que orden\u00f3 el jefe de Estado de Guinea Ecuatorial,&nbsp;Teodoro Obiang, a quien calific\u00f3 como \u201cel dictador m\u00e1s longevo en la faz de la Tierra al d\u00eda de hoy\u201d.<\/p>\n\n\n\n<p>\u201cEn relaci\u00f3n con las violaciones de los DDHH que el primer ministro quiere darle visibilidad en la comunidad internacional, por las cuales ya hay acciones en Naciones Unidas, estas se han agravado en los \u00faltimos tiempos porque Annob\u00f3n ha sufrido todo tipo de ultrajes por parte de Guinea Ecuatorial. Por poner solo un ejemplo, durante los a\u00f1os 80 la isla fue utilizada como un&nbsp;vertedero internacional de desechos t\u00f3xicos\u201d, se\u00f1al\u00f3 Mart\u00ednez.<\/p>\n\n\n\n<p>Sin embargo, el detonante para que Cartagena Lagar acudiera al&nbsp;Consejo de Desconolizaci\u00f3n de la ONU&nbsp;fueron las recientes exploraciones con dinamita que el gobierno ecuatoguineano realiz\u00f3 en distintos puntos del territorio annobon\u00e9s, las cuales afectaron \u201cgravemente\u201d a la poblaci\u00f3n local. Ante ese escenario, un grupo de ciudadanos firm\u00f3 una carta titulada&nbsp;\u201cVoz del pueblo annobon\u00e9s\u201d, en reclamo contra las reiteradas detonaciones. Obiang, por su parte, no titube\u00f3 y respondi\u00f3 con violencia.<\/p>\n\n\n\n<p>\u201cGuinea Ecuatorial hizo una redada masiva contra todos los firmantes de ese manifiesto, hubo 42 personas detenidas, militariz\u00f3 la isla y se cometieron grav\u00edsimas violaciones a los derechos humanos dentro de la isla por parte del Ej\u00e9rcito de Guinea Ecuatorial\u2026\u201c, describi\u00f3 Mart\u00ednez. Y en esa l\u00ednea, complet\u00f3: \u201dEstos ciudadanos no recibieron ni siquiera un habeas corpus,&nbsp;estuvieron meses desaparecidos en diversas comisarias de la capital (San Antonio de Pal\u00e9)&nbsp;y actualmente esta situaci\u00f3n se encuentra sometida en el Consejo de DDHH de la ONU, que se va a pronunciar probablemente en las pr\u00f3ximas semanas&#8221;.<\/p>\n\n\n\n<p>Consultado por la comparaci\u00f3n con el reclamo que el Gobierno argentino encabeza para recuperar la soberan\u00eda de las&nbsp;islas Malvinas, Mart\u00ednez asegur\u00f3 que la conexi\u00f3n con el caso de la isla africana&nbsp;\u201ces absoluta\u201d, debido a que, seg\u00fan puntualiz\u00f3, \u201clo que se va a intentar ahora con Annob\u00f3n es que pase a formar parte del Comit\u00e9 de Descolonizaci\u00f3n de la ONU, y que en la isla se pueda votar en forma de autodeterminaci\u00f3n cu\u00e1l va a ser su futuro pol\u00edtico\u201d.<\/p>\n\n\n\n<p>Las declaraciones del abogado de Annob\u00f3n ante la ONU se dan menos de una semana despu\u00e9s de que el primer ministro local advirtiera al mundo sobre la situaci\u00f3n \u201cdram\u00e1tica\u201d que atraviesa la isla. \u201cEstamos soportando un asedio militar de Obiang y de su clan de militares que no tienen escr\u00fapulos, que someten a la poblaci\u00f3n a la miseria absoluta.&nbsp;No hay agua, no hay sanidad, no hay luz, no hay colegio para los ni\u00f1os, y los militares se dedican al&nbsp;abuso infantil&nbsp;como m\u00e9todos de humillaci\u00f3n a la poblaci\u00f3n. Estamos viviendo una situaci\u00f3n humanitaria incre\u00edble&#8221;, expuso el funcionario durante una entrevista para la citada se\u00f1al radial.<\/p>\n\n\n\n<p>Seg\u00fan la p\u00e1gina de \u201cAmb\u00f4 Legadu\u201d, el movimiento pol\u00edtico que integra Cartagena Lagar, esta agrupaci\u00f3n convoc\u00f3 a una serie de \u201casambleas generales del Pueblo Annobon\u00e9s\u201d desde 2021 para tratar la cuesti\u00f3n de la soberan\u00eda. El grupo solicit\u00f3 a las autoridades de Guinea Ecuatorial la autodeterminaci\u00f3n del pueblo de Annob\u00f3n, un reclamo que fue ignorado.<\/p>\n\n\n\n<p>\u201cSe est\u00e1 sobreviviendo solo con los&nbsp;tub\u00e9rculos&nbsp;y la&nbsp;pesca artesanal. Esto no es suficiente, como la poblaci\u00f3n est\u00e1 diezmada y los militares est\u00e1n abusando de las ni\u00f1as, se ven obligados a viajar&#8221;, consider\u00f3. Y remat\u00f3: \u201cEs un terrorismo y genocidio absoluto contra nuestro pueblo\u201d.<\/p>\n","protected":false},"excerpt":{"rendered":"<p>En declaraciones radiales, el doctor Aitor Mart\u00ednez se\u00f1al\u00f3 que Guinea Ecuatorial atraviesa \u201cuna grav\u00edsima violaci\u00f3n a los derechos humanos\u201d Cuatro d\u00edas despu\u00e9s de que&nbsp;Orlando Cartagena Lagar, primer ministro de&nbsp;Annob\u00f3n, una remota isla de \u00c1frica occidental de 17 kil\u00f3metros cuadrados de extensi\u00f3n ubicada en el oc\u00e9ano Atl\u00e1ntico,&nbsp;le reclamara al gobierno de Javier Milei&nbsp;que le brinde apoyo [&hellip;]<\/p>\n","protected":false},"author":2,"featured_media":7732,"comment_status":"open","ping_status":"open","sticky":false,"template":"","format":"standard","meta":{"footnotes":""},"categories":[25,26],"tags":[],"class_list":{"0":"post-7731","1":"post","2":"type-post","3":"status-publish","4":"format-standard","5":"has-post-thumbnail","7":"category-internacionales","8":"category-nacionales"},"aioseo_notices":[],"_links":{"self":[{"href":"https:\/\/lalupa24.com.ar\/index.php\/wp-json\/wp\/v2\/posts\/7731","targetHints":{"allow":["GET"]}}],"collection":[{"href":"https:\/\/lalupa24.com.ar\/index.php\/wp-json\/wp\/v2\/posts"}],"about":[{"href":"https:\/\/lalupa24.com.ar\/index.php\/wp-json\/wp\/v2\/types\/post"}],"author":[{"embeddable":true,"href":"https:\/\/lalupa24.com.ar\/index.php\/wp-json\/wp\/v2\/users\/2"}],"replies":[{"embeddable":true,"href":"https:\/\/lalupa24.com.ar\/index.php\/wp-json\/wp\/v2\/comments?post=7731"}],"version-history":[{"count":1,"href":"https:\/\/lalupa24.com.ar\/index.php\/wp-json\/wp\/v2\/posts\/7731\/revisions"}],"predecessor-version":[{"id":7733,"href":"https:\/\/lalupa24.com.ar\/index.php\/wp-json\/wp\/v2\/posts\/7731\/revisions\/7733"}],"wp:featuredmedia":[{"embeddable":true,"href":"https:\/\/lalupa24.com.ar\/index.php\/wp-json\/wp\/v2\/media\/7732"}],"wp:attachment":[{"href":"https:\/\/lalupa24.com.ar\/index.php\/wp-json\/wp\/v2\/media?parent=7731"}],"wp:term":[{"taxonomy":"category","embeddable":true,"href":"https:\/\/lalupa24.com.ar\/index.php\/wp-json\/wp\/v2\/categories?post=7731"},{"taxonomy":"post_tag","embeddable":true,"href":"https:\/\/lalupa24.com.ar\/index.php\/wp-json\/wp\/v2\/tags?post=7731"}],"curies":[{"name":"wp","href":"https:\/\/api.w.org\/{rel}","templated":true}]}}