{"id":7747,"date":"2025-06-02T13:17:47","date_gmt":"2025-06-02T16:17:47","guid":{"rendered":"https:\/\/lalupa24.com.ar\/?p=7747"},"modified":"2025-06-02T13:17:49","modified_gmt":"2025-06-02T16:17:49","slug":"homenaje-del-pueblo-de-resistencia-por-el-79-aniversario-de-la-republica-de-italia","status":"publish","type":"post","link":"https:\/\/lalupa24.com.ar\/index.php\/2025\/06\/02\/homenaje-del-pueblo-de-resistencia-por-el-79-aniversario-de-la-republica-de-italia\/","title":{"rendered":"Homenaje del pueblo de resistencia por el 79\u00b0 aniversario de la republica de Italia"},"content":{"rendered":"\n<p><\/p>\n\n\n\n<p>Resistencia se sum\u00f3 a la celebraci\u00f3n del 79\u00b0 aniversario de la Rep\u00fablica de Italia, de la cual particip\u00f3 el intendente Roy Nikisch y el vicec\u00f3nsul de este pa\u00eds en la ciudad, Aldo Cracogna.<\/p>\n\n\n\n<p>La ceremonia se realiz\u00f3 con izamientos de las banderas argentina en el M\u00e1stil Mayor y la italiana, en el ubicado sobre avenida 9 de Julio al 200.<\/p>\n\n\n\n<p>Con el acompa\u00f1amiento de la Banda Municipal de M\u00fasica \u201cLuis Omobono Gusberti\u201d, se entonaron las estrofas de los himnos de ambos pa\u00edses, para luego seguir en la Plaza 25 de Mayo, donde se depositaron ofrendas florales al pie del monumento de la Loba Romana.<\/p>\n\n\n\n<p>Alumnos de distintos establecimientos educativos se sumaron, adem\u00e1s de colectividades, dando un marco colorido a esta celebraci\u00f3n.<\/p>\n\n\n\n<p>\u201cHay que darle valor a no olvidarnos de nuestros antepasados, por eso resalto ver a alumnos aprender el italiano o cantar el himno\u201d, rescat\u00f3.<\/p>\n\n\n\n<p>Consider\u00f3 que \u201ces un buen momento, cuando hoy los valores est\u00e1n de lados un poco, volver a las ra\u00edces y vincularnos a este mundo que son nuestras historias\u201d.<\/p>\n\n\n\n<p>\u201cEstoy muy contento de acompa\u00f1ar a nuestros descendientes\u201d expres\u00f3 y compar\u00f3 que \u201cen nuestra \u00e9poca no ten\u00edamos la posibilidad de estar vinculados al mundo, por eso valoro mucho lo que se hace hoy\u201d.<\/p>\n\n\n\n<p>Mientras que el vicec\u00f3nsul Aldo Cracogna se\u00f1al\u00f3: \u201cAl pie de la Loba Romana, un \u00edcono de Resistencia, estamos celebrando este acontecimiento c\u00edvico, el m\u00e1s importante de Italia\u201d.<\/p>\n\n\n\n<p>Record\u00f3 que \u201cdespu\u00e9s de aquel refer\u00e9ndum popular, la poblaci\u00f3n decidi\u00f3 pasar a ser rep\u00fablica por sobre la monarqu\u00eda\u201d.<\/p>\n","protected":false},"excerpt":{"rendered":"<p>Resistencia se sum\u00f3 a la celebraci\u00f3n del 79\u00b0 aniversario de la Rep\u00fablica de Italia, de la cual particip\u00f3 el intendente Roy Nikisch y el vicec\u00f3nsul de este pa\u00eds en la ciudad, Aldo Cracogna. La ceremonia se realiz\u00f3 con izamientos de las banderas argentina en el M\u00e1stil Mayor y la italiana, en el ubicado sobre avenida [&hellip;]<\/p>\n","protected":false},"author":2,"featured_media":7748,"comment_status":"open","ping_status":"open","sticky":false,"template":"","format":"standard","meta":{"footnotes":""},"categories":[28],"tags":[],"class_list":{"0":"post-7747","1":"post","2":"type-post","3":"status-publish","4":"format-standard","5":"has-post-thumbnail","7":"category-locales"},"aioseo_notices":[],"_links":{"self":[{"href":"https:\/\/lalupa24.com.ar\/index.php\/wp-json\/wp\/v2\/posts\/7747","targetHints":{"allow":["GET"]}}],"collection":[{"href":"https:\/\/lalupa24.com.ar\/index.php\/wp-json\/wp\/v2\/posts"}],"about":[{"href":"https:\/\/lalupa24.com.ar\/index.php\/wp-json\/wp\/v2\/types\/post"}],"author":[{"embeddable":true,"href":"https:\/\/lalupa24.com.ar\/index.php\/wp-json\/wp\/v2\/users\/2"}],"replies":[{"embeddable":true,"href":"https:\/\/lalupa24.com.ar\/index.php\/wp-json\/wp\/v2\/comments?post=7747"}],"version-history":[{"count":1,"href":"https:\/\/lalupa24.com.ar\/index.php\/wp-json\/wp\/v2\/posts\/7747\/revisions"}],"predecessor-version":[{"id":7749,"href":"https:\/\/lalupa24.com.ar\/index.php\/wp-json\/wp\/v2\/posts\/7747\/revisions\/7749"}],"wp:featuredmedia":[{"embeddable":true,"href":"https:\/\/lalupa24.com.ar\/index.php\/wp-json\/wp\/v2\/media\/7748"}],"wp:attachment":[{"href":"https:\/\/lalupa24.com.ar\/index.php\/wp-json\/wp\/v2\/media?parent=7747"}],"wp:term":[{"taxonomy":"category","embeddable":true,"href":"https:\/\/lalupa24.com.ar\/index.php\/wp-json\/wp\/v2\/categories?post=7747"},{"taxonomy":"post_tag","embeddable":true,"href":"https:\/\/lalupa24.com.ar\/index.php\/wp-json\/wp\/v2\/tags?post=7747"}],"curies":[{"name":"wp","href":"https:\/\/api.w.org\/{rel}","templated":true}]}}