{"id":7750,"date":"2025-06-02T13:25:14","date_gmt":"2025-06-02T16:25:14","guid":{"rendered":"https:\/\/lalupa24.com.ar\/?p=7750"},"modified":"2025-06-02T13:25:16","modified_gmt":"2025-06-02T16:25:16","slug":"charla-a-la-comunidad-para-entender-fortalecer-y-defender-el-vinculo-con-la-naturaleza-desde-la-prespectiva-legal-y-social","status":"publish","type":"post","link":"https:\/\/lalupa24.com.ar\/index.php\/2025\/06\/02\/charla-a-la-comunidad-para-entender-fortalecer-y-defender-el-vinculo-con-la-naturaleza-desde-la-prespectiva-legal-y-social\/","title":{"rendered":"Charla a la comunidad para entender, fortalecer y defender el vinculo con la naturaleza desde la prespectiva legal y social"},"content":{"rendered":"\n<p>La Red de J\u00f3venes por el Ambiente Chaco y el Centro Cultural Alternativo invita a toda la comunidad a participar de una charla fundamental para entender, fortalecer y defender nuestro v\u00ednculo con la naturaleza desde una perspectiva legal y social.<\/p>\n\n\n\n<p>En este encuentro contaremos con la presencia del\u00a0Dr. Juli\u00e1n Flores,<strong>\u00a0<\/strong>juez titular del Juzgado Civil y Comercial N\u00b0 21, reconocido por su hist\u00f3rico fallo que declar\u00f3 a la Laguna Francia como sujeto de derechos.<\/p>\n\n\n\n<p>Flores defini\u00f3 a la Laguna Francia como una zona de alta sensibilidad ecol\u00f3gica, afectada por actividades humanas que comprometen su capacidad de auto regulaci\u00f3n h\u00eddrica y su diversidad biol\u00f3gica. La sentencia, dictada en noviembre de 2024 tras una presentaci\u00f3n de vecinos iniciada en 2019, no s\u00f3lo permite proteger este cuerpo de agua frente al avance del sector inmobiliario, sino que tambi\u00e9n exige medidas concretas para revertir el da\u00f1o ambiental ya causado.<\/p>\n\n\n\n<p>Este fallo es una herramienta normativa clave que complementa la legislaci\u00f3n vigente y se alinea con tratados internacionales como el Acuerdo de Escaz\u00fa, fortaleciendo la defensa de los humedales urbanos y, en particular, del valle de inundaci\u00f3n del r\u00edo Negro.<\/p>\n\n\n\n<p>En sus fundamentos, el juez Flores destac\u00f3 que la problem\u00e1tica deb\u00eda ser abordada con una visi\u00f3n amplia, que incluya no solo el cumplimiento formal de normativas, sino tambi\u00e9n el bienestar humano, la prevenci\u00f3n, reducci\u00f3n y eliminaci\u00f3n de la contaminaci\u00f3n y cualquier degradaci\u00f3n ambiental. Adem\u00e1s, se\u00f1al\u00f3 la importancia de la ordenanza 12383\/17, que proh\u00edbe construcciones que impidan el libre acceso ciudadano al paisaje natural, estableciendo incluso la demolici\u00f3n inmediata de obst\u00e1culos ilegales.<\/p>\n\n\n\n<p>Este fallo representa un avance pionero a nivel local y un referente internacional para la protecci\u00f3n jur\u00eddica de la naturaleza como sujeto de derechos, promoviendo un cambio cultural y \u00e9tico en la forma en que la justicia aborda la conservaci\u00f3n ambiental.<\/p>\n\n\n\n<p>Tambi\u00e9n estar\u00e1 presente Yanine Kolchevsky, integrante del colectivo Resistencia Ambiental, organizaci\u00f3n que trabaja activamente por la defensa y preservaci\u00f3n de la Laguna Francia y otras lagunas del Gran Resistencia.<\/p>\n\n\n\n<p>Temas a tratar:<\/p>\n\n\n\n<p>* Principios y presupuestos m\u00ednimos del Derecho Ambiental<\/p>\n\n\n\n<p>* Perspectivas actuales y enfoques jur\u00eddicos para la protecci\u00f3n ambiental<\/p>\n\n\n\n<p>* Estudios de impacto ambiental<\/p>\n\n\n\n<p>* Educaci\u00f3n ambiental y participaci\u00f3n ciudadana<\/p>\n\n\n\n<p>* Acuerdo de Escaz\u00fa y su importancia regional<\/p>\n\n\n\n<p>* Protecci\u00f3n al activismo ambiental<\/p>\n\n\n\n<p>* Tratados internacionales y su impacto en la legislaci\u00f3n local<\/p>\n\n\n\n<p>* Filosof\u00edas ambientales: c\u00f3mo concebimos nuestra relaci\u00f3n con la naturaleza<\/p>\n\n\n\n<p>* Derecho Ambiental como motor de cambio \u00e9tico y cultural<\/p>\n\n\n\n<p>* Jurisprudencia local, acceso a la justicia y a la informaci\u00f3n p\u00fablica<\/p>\n\n\n\n<p>Este espacio est\u00e1 pensado para pensar juntos y juntas c\u00f3mo habitamos y protegemos el territorio, y qu\u00e9 herramientas legales tenemos para hacerlo de manera efectiva.<\/p>\n\n\n\n<p>Sobre la Red de J\u00f3venes por el Ambiente Chaco<\/p>\n\n\n\n<p>Somos un colectivo autogestivo, joven y comprometido, que naci\u00f3 con la misi\u00f3n de defender el monte, el agua y los territorios de nuestra provincia frente a la crisis ecol\u00f3gica que nos afecta. Trabajamos con acci\u00f3n, conciencia y comunidad, construyendo espacios de di\u00e1logo, formaci\u00f3n y activismo para generar un impacto real en la conservaci\u00f3n y la justicia ambiental.<\/p>\n\n\n\n<p>Creemos en la fuerza de la juventud organizada y en la colaboraci\u00f3n para generar conciencia social, exigir pol\u00edticas justas y promover la participaci\u00f3n ciudadana.<\/p>\n\n\n\n<p>Sumate  a escuchar, debatir y aportar tu voz en esta charla por un ambiente sano y justo.<\/p>\n\n\n\n<p>Organizan: Red de J\u00f3venes por el Ambiente Chaco <\/p>\n\n\n\n<p><\/p>\n","protected":false},"excerpt":{"rendered":"<p>La Red de J\u00f3venes por el Ambiente Chaco y el Centro Cultural Alternativo invita a toda la comunidad a participar de una charla fundamental para entender, fortalecer y defender nuestro v\u00ednculo con la naturaleza desde una perspectiva legal y social. En este encuentro contaremos con la presencia del\u00a0Dr. Juli\u00e1n Flores,\u00a0juez titular del Juzgado Civil y [&hellip;]<\/p>\n","protected":false},"author":2,"featured_media":7753,"comment_status":"open","ping_status":"open","sticky":false,"template":"","format":"standard","meta":{"footnotes":""},"categories":[28],"tags":[],"class_list":{"0":"post-7750","1":"post","2":"type-post","3":"status-publish","4":"format-standard","5":"has-post-thumbnail","7":"category-locales"},"aioseo_notices":[],"_links":{"self":[{"href":"https:\/\/lalupa24.com.ar\/index.php\/wp-json\/wp\/v2\/posts\/7750","targetHints":{"allow":["GET"]}}],"collection":[{"href":"https:\/\/lalupa24.com.ar\/index.php\/wp-json\/wp\/v2\/posts"}],"about":[{"href":"https:\/\/lalupa24.com.ar\/index.php\/wp-json\/wp\/v2\/types\/post"}],"author":[{"embeddable":true,"href":"https:\/\/lalupa24.com.ar\/index.php\/wp-json\/wp\/v2\/users\/2"}],"replies":[{"embeddable":true,"href":"https:\/\/lalupa24.com.ar\/index.php\/wp-json\/wp\/v2\/comments?post=7750"}],"version-history":[{"count":1,"href":"https:\/\/lalupa24.com.ar\/index.php\/wp-json\/wp\/v2\/posts\/7750\/revisions"}],"predecessor-version":[{"id":7754,"href":"https:\/\/lalupa24.com.ar\/index.php\/wp-json\/wp\/v2\/posts\/7750\/revisions\/7754"}],"wp:featuredmedia":[{"embeddable":true,"href":"https:\/\/lalupa24.com.ar\/index.php\/wp-json\/wp\/v2\/media\/7753"}],"wp:attachment":[{"href":"https:\/\/lalupa24.com.ar\/index.php\/wp-json\/wp\/v2\/media?parent=7750"}],"wp:term":[{"taxonomy":"category","embeddable":true,"href":"https:\/\/lalupa24.com.ar\/index.php\/wp-json\/wp\/v2\/categories?post=7750"},{"taxonomy":"post_tag","embeddable":true,"href":"https:\/\/lalupa24.com.ar\/index.php\/wp-json\/wp\/v2\/tags?post=7750"}],"curies":[{"name":"wp","href":"https:\/\/api.w.org\/{rel}","templated":true}]}}