{"id":777,"date":"2024-03-19T08:52:38","date_gmt":"2024-03-19T11:52:38","guid":{"rendered":"https:\/\/lalupa24.com.ar\/?p=777"},"modified":"2024-03-19T08:52:38","modified_gmt":"2024-03-19T11:52:38","slug":"emilio-persico-fue-denunciado-por-el-gobierno-la-trama-de-como-uso-a-grabois-para-tapar-un-delito","status":"publish","type":"post","link":"https:\/\/lalupa24.com.ar\/index.php\/2024\/03\/19\/emilio-persico-fue-denunciado-por-el-gobierno-la-trama-de-como-uso-a-grabois-para-tapar-un-delito\/","title":{"rendered":"Emilio P\u00e9rsico fue denunciado por el Gobierno: la trama de c\u00f3mo us\u00f3 a Grabois para tapar un delito"},"content":{"rendered":"\n<p> <p class=\"MsoNormal\"><i><span style=\"font-size:14.0pt;line-height:115%\">Seg\u00fan la denuncia realizada por Capital Humano, cuando P\u00e9rsico era funcionario facilitaba fondos a cooperativas de las que tambi\u00e9n formaba parte<\/span><\/i><\/p> <p class=\"MsoNormal\"><span style=\"font-size:16.0pt;line-height:115%\">Por Luis Gasulla<\/span><\/p> <p class=\"MsoNormal\"><\/p> <span style=\"font-size: 12pt;color: initial\">El Ministerio de Capital Humano, a cargo de Sandra Pettovello, denunci\u00f3 penalmente al ex funcionario del Ministerio de Desarrollo Social de la Naci\u00f3n, Emilio P\u00e9rsico, por malversaci\u00f3n de fondos p\u00fablicos.<\/span> <span style=\"font-size: 12pt;color: initial\">Seg\u00fan la denuncia, el Gobierno tom\u00f3 conocimiento, tras distintas auditor\u00edas internas, de un escrito de la Oficina Anticorrupci\u00f3n de diciembre del 2023 en el que el funcionario P\u00e9rsico era advertido de sus manejos irregulares bajo sus oficinas de Econom\u00eda Social del Ministerio a cargo, en aquel entonces, por Victoria Tolosa Paz.<\/span> <p class=\"MsoNormal\"><b><span style=\"font-size:14.0pt;line-height:115%\">P\u00e9rsico utiliz\u00f3 a Grabois para resguardarse de la Justicia<\/span><\/b><\/p> <p class=\"MsoNormal\"><span style=\"font-size:12.0pt;line-height:115%\">Es que P\u00e9rsico se giraba plata a P\u00e9rsico tal como este cronista mostr\u00f3 con la documentaci\u00f3n que forma parte de la denuncia del Ministerio de Capital Humano. En la trama que los funcionarios del Gobierno anterior quisieron tapar, el piquetero utiliz\u00f3 a otro dirigente social, Juan Grabois, para resguardarse de la Justicia.<\/span><\/p> <span style=\"font-size: 12pt;color: initial\">La historia es compleja pero simple a la vez. Emilio P\u00e9rsico como funcionario nacional le giraba fondos a las cooperativas de Emilio P\u00e9rsico piquetero enfrentado con su propio Gobierno para recibir millones de pesos en Planes Potenciar Trabajo. Hasta enero de este a\u00f1o, los Planes los manejaban las Unidades de Gesti\u00f3n en los que los futuros beneficiarios de planes trabajar deb\u00edan inscribirse para recibirlos. Esto es: Cooperativas o Municipios. Las cooperativas que m\u00e1s planes recib\u00edan eran las del Movimiento Evita cuyo titular es Emilio P\u00e9rsico.<\/span> <p class=\"MsoNormal\"><span style=\"font-size:12.0pt;line-height:115%\">Pero no s\u00f3lo ese Movimiento dirige el ex funcionario sino tambi\u00e9n la Federaci\u00f3n de Cooperativas de Trabajo &#8220;Evita&#8221; LTDA y la Cooperativa La Patriada cuyo caso es, posiblemente, el m\u00e1s escandaloso.<\/span><\/p> <p class=\"MsoNormal\"><span style=\"font-size:12.0pt;line-height:115%\">En dicho expediente administrativo la Oficina Anticorrupci\u00f3n, hab\u00eda condenado a P\u00e9rsico por intervenir como &#8220;juez y parte&#8221; en distintos expedientes administrativos durante su gesti\u00f3n al frente de la Secretar\u00eda de Econom\u00eda Social del ex Ministerio de Desarrollo Social durante el gobierno de Alberto<\/span><\/p> <span style=\"font-size: 12pt;color: initial\">Fern\u00e1ndez, aprovechando su cargo para interceder a favor de la Federaci\u00f3n Evita y la Cooperativa la Patriada para concederles a dichas entidades importantes subsidios econ\u00f3micos provenientes de las arcas del Estado.<\/span> <p class=\"MsoNormal\"><span style=\"font-size:12.0pt;line-height:115%\">Cuando P\u00e9rsico fue advertido por el ex titular de la Oficina Anticorrupci\u00f3n de Alberto Fern\u00e1ndez, F\u00e9lix Croux, los contratos con las cooperativas vinculadas al P\u00e9rsico piquetero pasaron a ser firmadas por su par, Fernanda Mi\u00f1o, funcionaria de Juan Grabois en los cuestionados Fondos de Integraci\u00f3n Socio Urbanas \u2013FISU-.<\/span><\/p> <span style=\"font-size: 12pt;color: initial\">Los contratos eran millonarios y favorec\u00edan a la Cooperativa La Patriada y la Federaci\u00f3n de Cooperativas Evita a cargo del sucesor de P\u00e9rsico, Gildo Oro\u00f1ato, persona de extrema confianza del piquetero y su esposa, la ex candidata a intendenta de La Matanza, &#8220;La Colo&#8221; Cubr\u00eda. Tal es as\u00ed que forma parte del peque\u00f1o c\u00edrculo de confianza que lo visit\u00f3 y acompa\u00f1\u00f3 en sus \u00faltimos cumplea\u00f1os festejados en su domicilio particular.<\/span> <p class=\"MsoNormal\"><b><span style=\"font-size:14.0pt;line-height:115%\">La denuncia penal contra Emilio P\u00e9rsico<\/span><\/b><\/p> <p class=\"MsoNormal\"><span style=\"font-size:12.0pt;line-height:115%\">A ra\u00edz del descubrimiento, &#8220;el Ministerio de Capital Humano por medio de la Subsecretar\u00eda Legal y la Secretar\u00eda Nacional de Ni\u00f1ez, Adolescencia y Familia encabezada por el Dr. Pablo de La Torre, presenta ante la justicia federal de la Capital Federal una denuncia penal contra Persico por los delitos de Fraude a la Administraci\u00f3n P\u00fablica, Abuso de Autoridad y Violaci\u00f3n de los deberes de funcionario p\u00fablico, ya que su accionar no s\u00f3lo import\u00f3 una violaci\u00f3n a la \u00e9tica de los funcionarios p\u00fablicos, sino tambi\u00e9n la comisi\u00f3n de delitos penales que deber\u00e1n ser debidamente investigados&#8221; explican en el entorno de la Ministra de Capital Humano.<\/span><\/p> <span style=\"font-size: 12pt;color: initial\">Al frente de Econom\u00eda Social, el rol de P\u00e9rsico queda claro: pagarle millones de pesos a las organizaciones piqueteras que respond\u00edan a \u00e9l.<\/span> <p class=\"MsoNormal\"><b><span style=\"font-size:14.0pt;line-height:115%\">El rol<\/span><\/b><\/p> <span style=\"font-size: 12pt;color: initial\">El rol de P\u00e9rsico al frente de Econom\u00eda Social era pagarle millones de pesos a organizaciones piqueteras que respond\u00edan a \u00e9l<\/span> <p class=\"MsoNormal\"><span style=\"font-size:12.0pt;line-height:115%\">Es una clara maniobra de financiamiento de estructuras pol\u00edticas partidarias con recursos p\u00fablicos. Un verdadero c\u00edrculo vicioso en el que los movimientos sociales extorsionaban al gobierno pidiendo m\u00e1s planes teniendo al principal interesado de los dos lados del mostrador.<\/span><\/p> <span style=\"font-size: 12pt;color: initial\">Para que se entienda: pusieron al zorro a cuidar el gallinero.<\/span> <p class=\"MsoNormal\"><span style=\"font-size:12.0pt;line-height:115%\">En el c\u00edrculo de confianza de Grabois se preguntan qu\u00e9 ganaba Mi\u00f1o respaldando estos convenios que beneficiaban a P\u00e9rsico. \u00bfVend\u00eda la firma? \u00bfLo hac\u00eda gratis? Mi\u00f1o firm\u00f3 cinco contratos claves que beneficiaron a P\u00e9rsico.<\/span><\/p> <p class=\"MsoNormal\"><span style=\"font-size:12.0pt;line-height:115%\">Grabois evit\u00f3 poner el gancho en ning\u00fan papel pues no era funcionario p\u00fablico. En cambio, la situaci\u00f3n de Mi\u00f1o y P\u00e9rsico es comprometedora. Tambi\u00e9n el de Romina Selzer, funcionaria clave de Econom\u00eda Social que tambi\u00e9n particip\u00f3 de los convenios violando la disposici\u00f3n de la Oficina Anticorrupci\u00f3n. Selzer hab\u00eda quedado al frente de las cooperativas cuando P\u00e9rsico se fue al Ministerio de Desarrollo Social. Pero a la mujer tambi\u00e9n la nombraron en el Ministerio.<\/span><\/p> <p class=\"MsoNormal\"><span style=\"font-size:12.0pt;line-height:115%\">Otro funcionario de la estructura de las cooperativas que actuaba de ambos lados del mostrador era Francisco Cubr\u00eda, el cu\u00f1ado de P\u00e9rsico, hermano de la ex candidata a intendenta de La Matanza.<\/span><\/p> <p class=\"MsoNormal\"><span style=\"font-size:12.0pt;line-height:115%\">La Patriada recibi\u00f3 en solo tres a\u00f1os de Albertismo m\u00e1s de 800 millones de pesos.<\/span><\/p> <b style=\"color: initial\"><span style=\"font-size:14.0pt;line-height:115%\">No existi\u00f3 rendici\u00f3n de cuentas en el Movimiento Evita. <\/span><\/b> <span style=\"font-size: 12pt;color: initial\">En Quilmes la contadora de ese municipio del Evita denunci\u00f3 penalmente a P\u00e9rsico tras una investigaci\u00f3n de este periodista en La Cornisa.<\/span> <span style=\"font-size: 12pt;color: initial\">Hasta ahora, la causa no se movi\u00f3. Quiz\u00e1s \u00a0ahora empiecen a moverse con m\u00e1s intensidad.<\/span> <span style=\"font-size: 12pt;color: initial\">Los convenios firmados que forman parte de la denuncia<\/span> <p class=\"MsoNormal\"><span style=\"font-size:12.0pt;line-height:115%\">\u00a0<\/span><\/p> <p class=\"MsoNormal\"><span style=\"font-size:12.0pt;line-height:115%\">\u00a0<\/span><\/p> <p class=\"MsoNormal\"><span style=\"font-size:12.0pt;line-height:115%\">\u00a0<\/span><\/p> <p class=\"MsoNormal\"><span style=\"font-size:12.0pt;line-height:115%\">\u00a0<\/span><\/p> <\/p>\n","protected":false},"excerpt":{"rendered":"<p>Seg\u00fan la denuncia realizada por Capital Humano, cuando P\u00e9rsico era funcionario facilitaba fondos a cooperativas de las que tambi\u00e9n formaba parte Por Luis Gasulla El Ministerio de Capital Humano, a cargo de Sandra Pettovello, denunci\u00f3 penalmente al ex funcionario del Ministerio de Desarrollo Social de la Naci\u00f3n, Emilio P\u00e9rsico, por malversaci\u00f3n de fondos p\u00fablicos. Seg\u00fan [&hellip;]<\/p>\n","protected":false},"author":2,"featured_media":778,"comment_status":"open","ping_status":"open","sticky":false,"template":"","format":"standard","meta":{"footnotes":""},"categories":[26],"tags":[115,117,116],"class_list":{"0":"post-777","1":"post","2":"type-post","3":"status-publish","4":"format-standard","5":"has-post-thumbnail","7":"category-nacionales","8":"tag-grabois","9":"tag-movimiento-evita","10":"tag-persico"},"aioseo_notices":[],"_links":{"self":[{"href":"https:\/\/lalupa24.com.ar\/index.php\/wp-json\/wp\/v2\/posts\/777","targetHints":{"allow":["GET"]}}],"collection":[{"href":"https:\/\/lalupa24.com.ar\/index.php\/wp-json\/wp\/v2\/posts"}],"about":[{"href":"https:\/\/lalupa24.com.ar\/index.php\/wp-json\/wp\/v2\/types\/post"}],"author":[{"embeddable":true,"href":"https:\/\/lalupa24.com.ar\/index.php\/wp-json\/wp\/v2\/users\/2"}],"replies":[{"embeddable":true,"href":"https:\/\/lalupa24.com.ar\/index.php\/wp-json\/wp\/v2\/comments?post=777"}],"version-history":[{"count":1,"href":"https:\/\/lalupa24.com.ar\/index.php\/wp-json\/wp\/v2\/posts\/777\/revisions"}],"predecessor-version":[{"id":779,"href":"https:\/\/lalupa24.com.ar\/index.php\/wp-json\/wp\/v2\/posts\/777\/revisions\/779"}],"wp:featuredmedia":[{"embeddable":true,"href":"https:\/\/lalupa24.com.ar\/index.php\/wp-json\/wp\/v2\/media\/778"}],"wp:attachment":[{"href":"https:\/\/lalupa24.com.ar\/index.php\/wp-json\/wp\/v2\/media?parent=777"}],"wp:term":[{"taxonomy":"category","embeddable":true,"href":"https:\/\/lalupa24.com.ar\/index.php\/wp-json\/wp\/v2\/categories?post=777"},{"taxonomy":"post_tag","embeddable":true,"href":"https:\/\/lalupa24.com.ar\/index.php\/wp-json\/wp\/v2\/tags?post=777"}],"curies":[{"name":"wp","href":"https:\/\/api.w.org\/{rel}","templated":true}]}}