{"id":7779,"date":"2025-06-02T20:33:19","date_gmt":"2025-06-02T23:33:19","guid":{"rendered":"https:\/\/lalupa24.com.ar\/?p=7779"},"modified":"2025-06-02T20:33:19","modified_gmt":"2025-06-02T23:33:19","slug":"regimen-previsional-francos-adelanto-que-el-ejecutivo-vetara-la-ley-si-se-aprueba","status":"publish","type":"post","link":"https:\/\/lalupa24.com.ar\/index.php\/2025\/06\/02\/regimen-previsional-francos-adelanto-que-el-ejecutivo-vetara-la-ley-si-se-aprueba\/","title":{"rendered":"R\u00e9gimen previsional: Francos adelant\u00f3 que el Ejecutivo vetar\u00e1 la ley si se aprueba"},"content":{"rendered":"\n<p>As\u00ed lo confirm\u00f3 el jefe de Gabinete frente a la sesi\u00f3n solicitada por la oposici\u00f3n que se llevar\u00e1 a cabo este mi\u00e9rcoles donde, adem\u00e1s, tratar\u00e1n la declaraci\u00f3n de emergencia en discapacidad. &#8220;No existen los recursos\u201d, asegur\u00f3 el funcionario.<\/p>\n\n\n\n<p>Este lunes la C\u00e1mara de Diputados oficializ\u00f3 la sesi\u00f3n solicitada por la oposici\u00f3n para tratar, una vez m\u00e1s, r\u00e9gimen previsional y la declaraci\u00f3n de emergencia en discapacidad, pero el jefe de Gabinete, Guillermo Francos, adelant\u00f3 que el Poder Ejecutivo vetar\u00e1 la ley en caso de que apruebe porque \u201cno est\u00e1n los recursos para afrontar esos nuevos gastos\u201d.<\/p>\n\n\n\n<p>\u201c\u00bfDe d\u00f3nde van a salir los recursos para sostener el incremento? No existen los recursos, en particular del sistema previsional, donde tenemos un trabajador y medio activo por cada jubilado, as\u00ed que no se puede pagar, por m\u00e1s que propongan un aumento de partidas no se puede aprobar una ley as\u00ed, y si lo hacen, el Ejecutivo la va a vetar. No es magia, si no est\u00e1n los recursos posibles no se pueden establecer los gastos\u201d, expres\u00f3 el funcionario.<\/p>\n\n\n\n<p>El jefe de Gabinete consider\u00f3 que, antes de hablar de jubilaciones, es necesaria una reforma laboral \u201cpara que existan m\u00e1s trabajadores activos, con una relaci\u00f3n razonable es de cuatro trabajadores activos por cada jubilado seg\u00fan las pautas internacionales para un sistema previsional\u201d.<\/p>\n\n\n\n<p>Pese a ello aclar\u00f3 que \u201cuna reforma laboral no va a tener impacto inmediato\u201d, porque llegar a cuatro activos por jubilado \u201cno va a suceder de un d\u00eda para el otro\u201d, y agreg\u00f3 que adem\u00e1s ser\u00e1 necesaria tambi\u00e9n \u201cuna reforma tributaria\u201d.<\/p>\n\n\n\n<p>Por otro lado, Francos afirm\u00f3 que esta semana estar\u00e1 listo el proyecto de ley que se enviar\u00e1 al Congreso para permitir que los ahorristas puedan utilizar d\u00f3lares no declarados para realizar compras de bienes sin que se les solicite a trav\u00e9s de la ARCA el origen de esos fondos.<\/p>\n\n\n\n<p>\u201cMuchos de esos d\u00f3lares son dinero blanco que se ha hecho negro al comprar d\u00f3lares en el mercado paralelo para mantener el valor de los ahorros\u201d, dijo y explic\u00f3 que \u201cla gente lo ha hecho siempre por temor al peor de los impuestos que ha tenido la Argentina que es la inflaci\u00f3n\u201d.<\/p>\n\n\n\n<p>Este proyecto, a\u00f1adi\u00f3, \u201cgarantiza que todos aquellos que utilicen sus d\u00f3lares ahorrados para comprar cualquier cosa no se les va a pedir el origen de estos fondos\u201d, y estim\u00f3 que el oficialismo va a tener el n\u00famero suficiente de votos en el Congreso para aprobar esta iniciativa.<\/p>\n\n\n\n<p>\u201cSiempre que hemos intentado aprobar proyectos de trascendencia hemos obtenido los votos y, si no lo logramos, quienes se opongan tendr\u00e1n que explicarle a la ciudadan\u00eda por qu\u00e9 se oponen\u201d, subray\u00f3.<\/p>\n\n\n\n<p>En el plano pol\u00edtico, Francos confirm\u00f3 que de cara a las elecciones bonaerenses \u201chay una vocaci\u00f3n muy fuerte y acuerdos de trabajo conjunto con el Pro\u201d, apuntando no solo a lo electoral sino a \u201ctrabajar juntos para transformar la Argentina de una naci\u00f3n populista a una naci\u00f3n con libertad\u201d.<\/p>\n\n\n\n<p>Consultado sobre el conflicto en el Hospital Garrahan sostuvo: \u201cHay una disputa donde se han montado reclamos leg\u00edtimos con reclamos que no son tan leg\u00edtimos. Hay muchos \u00f1oquis, eso es claro\u201d, y asever\u00f3 que pese a \u201cun intento gremial de prohibir el control facial, ese control va a ser puesto en funcionamiento&#8221;.<\/p>\n","protected":false},"excerpt":{"rendered":"<p>As\u00ed lo confirm\u00f3 el jefe de Gabinete frente a la sesi\u00f3n solicitada por la oposici\u00f3n que se llevar\u00e1 a cabo este mi\u00e9rcoles donde, adem\u00e1s, tratar\u00e1n la declaraci\u00f3n de emergencia en discapacidad. &#8220;No existen los recursos\u201d, asegur\u00f3 el funcionario. Este lunes la C\u00e1mara de Diputados oficializ\u00f3 la sesi\u00f3n solicitada por la oposici\u00f3n para tratar, una vez [&hellip;]<\/p>\n","protected":false},"author":11,"featured_media":7780,"comment_status":"open","ping_status":"open","sticky":false,"template":"","format":"standard","meta":{"footnotes":""},"categories":[26],"tags":[],"class_list":{"0":"post-7779","1":"post","2":"type-post","3":"status-publish","4":"format-standard","5":"has-post-thumbnail","7":"category-nacionales"},"aioseo_notices":[],"_links":{"self":[{"href":"https:\/\/lalupa24.com.ar\/index.php\/wp-json\/wp\/v2\/posts\/7779","targetHints":{"allow":["GET"]}}],"collection":[{"href":"https:\/\/lalupa24.com.ar\/index.php\/wp-json\/wp\/v2\/posts"}],"about":[{"href":"https:\/\/lalupa24.com.ar\/index.php\/wp-json\/wp\/v2\/types\/post"}],"author":[{"embeddable":true,"href":"https:\/\/lalupa24.com.ar\/index.php\/wp-json\/wp\/v2\/users\/11"}],"replies":[{"embeddable":true,"href":"https:\/\/lalupa24.com.ar\/index.php\/wp-json\/wp\/v2\/comments?post=7779"}],"version-history":[{"count":1,"href":"https:\/\/lalupa24.com.ar\/index.php\/wp-json\/wp\/v2\/posts\/7779\/revisions"}],"predecessor-version":[{"id":7781,"href":"https:\/\/lalupa24.com.ar\/index.php\/wp-json\/wp\/v2\/posts\/7779\/revisions\/7781"}],"wp:featuredmedia":[{"embeddable":true,"href":"https:\/\/lalupa24.com.ar\/index.php\/wp-json\/wp\/v2\/media\/7780"}],"wp:attachment":[{"href":"https:\/\/lalupa24.com.ar\/index.php\/wp-json\/wp\/v2\/media?parent=7779"}],"wp:term":[{"taxonomy":"category","embeddable":true,"href":"https:\/\/lalupa24.com.ar\/index.php\/wp-json\/wp\/v2\/categories?post=7779"},{"taxonomy":"post_tag","embeddable":true,"href":"https:\/\/lalupa24.com.ar\/index.php\/wp-json\/wp\/v2\/tags?post=7779"}],"curies":[{"name":"wp","href":"https:\/\/api.w.org\/{rel}","templated":true}]}}