{"id":7812,"date":"2025-06-03T11:22:41","date_gmt":"2025-06-03T14:22:41","guid":{"rendered":"https:\/\/lalupa24.com.ar\/?p=7812"},"modified":"2025-06-03T11:22:43","modified_gmt":"2025-06-03T14:22:43","slug":"cristina-kirchner-confirmo-que-sera-candidata-a-diputada-provincial-por-al-tercera-seccion-electoral","status":"publish","type":"post","link":"https:\/\/lalupa24.com.ar\/index.php\/2025\/06\/03\/cristina-kirchner-confirmo-que-sera-candidata-a-diputada-provincial-por-al-tercera-seccion-electoral\/","title":{"rendered":"Cristina Kirchner confirm\u00f3 que ser\u00e1 candidata a diputada provincial por al tercera secci\u00f3n electoral"},"content":{"rendered":"\n<p><\/p>\n\n\n\n<p>La ex presidenta Cristina Kirchner\u00a0confirm\u00f3 este lunes que ser\u00e1 candidata en la tercera secci\u00f3n electoral\u00a0\u00a0de la provincia de Buenos Aires, en los pr\u00f3ximos comicios que se llevar\u00e1n a cabo el 7 de septiembre. Adem\u00e1s, critic\u00f3 el desdoblamiento que impuls\u00f3\u00a0Axel Kicillof\u00a0y volvi\u00f3 a profundizar en la interna del peronismo.<\/p>\n\n\n\n<p>\u201cVoy a ser candidata, ya lo hab\u00eda dicho en varias reuniones. No es un problema de la Legislatura bonaerense, es de sentido com\u00fan. Si nos va mal en septiembre, esto puede variar en todo el pa\u00eds\u201d,<strong>\u00a0<\/strong>dijo la ex jefa de Estado en una entrevista con Gustavo Sylvestre en\u00a0<em>C5N<\/em>\u00a0sobre su participaci\u00f3n en las pr\u00f3ximas elecciones legislativas.<\/p>\n\n\n\n<p>La titular del PJ justific\u00f3 su decisi\u00f3n en clave nacional: \u201c\u00bfC\u00f3mo va a irradiar al resto del pa\u00eds?\u00a0Por eso hablamos de la inconveniencia del desdoblamiento. Es una provincia muy grande, 17 millones de personas que van a tener que ir a votar dos veces en 8 semanas&#8221;.<\/p>\n\n\n\n<p>Y continu\u00f3: \u201cSi dependiera de m\u00ed, si hubiera tomado una decisi\u00f3n basada en presupuestos f\u00e1cticos que despu\u00e9s no se dieron, yo revisar\u00eda mi decisi\u00f3n. Los hombres tienen otra forma de decidir.\u00a0El hombre siempre tiene una cosa de que si no hace lo que \u00e9l dice se pierde, yo nunca tuve ese problema, si me tengo que retractar porque desaparecieron los presupuestos f\u00e1cticos, lo hago\u201d.<\/p>\n\n\n\n<p>En ese sentido, la ex vicepresidenta se refiri\u00f3 al desdoblamiento que se llev\u00f3 a cabo en la Ciudad de Buenos Aires y lo describi\u00f3 como &#8220;un gran error de Macri, le cost\u00f3 salir tercero\u201c. \u201dNo es que la unidad te permita ganar, pero si est\u00e1s dividido seguro que perd\u00e9s y mal\u201c, agreg\u00f3.<\/p>\n\n\n\n<p>El anuncio de\u00a0CFK, que sonaba en las reuniones del PJ, llega en uno de los momentos de mayor tensi\u00f3n con el gobernador\u00a0Axel Kicillof, quien el pasado s\u00e1bado en una presentaci\u00f3n del plenario de Movimiento Derecho al Futuro critic\u00f3 el plan del Gobierno de Javier Milei y asegur\u00f3 que en los comicios legislativos \u201clo que est\u00e1 en juego ac\u00e1 es que la motosierra no cruce la General Paz&#8221;.<\/p>\n\n\n\n<p>\u201cLo que necesit\u00e1bamos era un movimiento con los brazos abiertos\u201d, avis\u00f3 y por eso agreg\u00f3: \u201cNace hoy el Movimiento Derecho al Futuro\u201d.<\/p>\n\n\n\n<p>Con referencias indirectas a otros sectores del peronismo, incluso algunos que no lo consideran a \u00e9l peronista, como Principios y Valores, el espacio de Guillermo Moreno, Kicillof evoc\u00f3 a Juan Domingo Per\u00f3n:\u00a0\u201cComo dec\u00eda el general: el movimiento jam\u00e1s fue excluyente, jam\u00e1s fue sectario\u201d. Y explic\u00f3 que el MDF \u201ces una forma de contribuir, de organizarnos, de volver a escuchar, a conectar con las necesidades de nuestra gente. Es un movimiento que respeta la diversidad y la identidad de cada sector\u201d.<\/p>\n\n\n\n<p>En ese sentido, el gobernador bonaerense pidi\u00f3 \u201centender algo fundamental\u201d, que \u201cel \u00fanico adversario que tenemos es Milei. Y est\u00e1 fuera, no est\u00e1 dentro\u201d. En otro mensaje para la interna del peronismo, sugiri\u00f3 que \u201clo que tenemos que hacer es hablarle a nuestro pueblo y\u00a0hablarle a la gente, no estar hablando entre los dirigentes, no podemos perder el tiempo, no podemos distraernos\u201d.<\/p>\n\n\n\n<p><\/p>\n\n\n\n<p><\/p>\n","protected":false},"excerpt":{"rendered":"<p>La ex presidenta Cristina Kirchner\u00a0confirm\u00f3 este lunes que ser\u00e1 candidata en la tercera secci\u00f3n electoral\u00a0\u00a0de la provincia de Buenos Aires, en los pr\u00f3ximos comicios que se llevar\u00e1n a cabo el 7 de septiembre. Adem\u00e1s, critic\u00f3 el desdoblamiento que impuls\u00f3\u00a0Axel Kicillof\u00a0y volvi\u00f3 a profundizar en la interna del peronismo. \u201cVoy a ser candidata, ya lo hab\u00eda [&hellip;]<\/p>\n","protected":false},"author":2,"featured_media":7813,"comment_status":"open","ping_status":"open","sticky":false,"template":"","format":"standard","meta":{"footnotes":""},"categories":[26],"tags":[],"class_list":{"0":"post-7812","1":"post","2":"type-post","3":"status-publish","4":"format-standard","5":"has-post-thumbnail","7":"category-nacionales"},"aioseo_notices":[],"_links":{"self":[{"href":"https:\/\/lalupa24.com.ar\/index.php\/wp-json\/wp\/v2\/posts\/7812","targetHints":{"allow":["GET"]}}],"collection":[{"href":"https:\/\/lalupa24.com.ar\/index.php\/wp-json\/wp\/v2\/posts"}],"about":[{"href":"https:\/\/lalupa24.com.ar\/index.php\/wp-json\/wp\/v2\/types\/post"}],"author":[{"embeddable":true,"href":"https:\/\/lalupa24.com.ar\/index.php\/wp-json\/wp\/v2\/users\/2"}],"replies":[{"embeddable":true,"href":"https:\/\/lalupa24.com.ar\/index.php\/wp-json\/wp\/v2\/comments?post=7812"}],"version-history":[{"count":1,"href":"https:\/\/lalupa24.com.ar\/index.php\/wp-json\/wp\/v2\/posts\/7812\/revisions"}],"predecessor-version":[{"id":7814,"href":"https:\/\/lalupa24.com.ar\/index.php\/wp-json\/wp\/v2\/posts\/7812\/revisions\/7814"}],"wp:featuredmedia":[{"embeddable":true,"href":"https:\/\/lalupa24.com.ar\/index.php\/wp-json\/wp\/v2\/media\/7813"}],"wp:attachment":[{"href":"https:\/\/lalupa24.com.ar\/index.php\/wp-json\/wp\/v2\/media?parent=7812"}],"wp:term":[{"taxonomy":"category","embeddable":true,"href":"https:\/\/lalupa24.com.ar\/index.php\/wp-json\/wp\/v2\/categories?post=7812"},{"taxonomy":"post_tag","embeddable":true,"href":"https:\/\/lalupa24.com.ar\/index.php\/wp-json\/wp\/v2\/tags?post=7812"}],"curies":[{"name":"wp","href":"https:\/\/api.w.org\/{rel}","templated":true}]}}