{"id":7829,"date":"2025-06-03T12:51:38","date_gmt":"2025-06-03T15:51:38","guid":{"rendered":"https:\/\/lalupa24.com.ar\/?p=7829"},"modified":"2025-06-03T12:51:40","modified_gmt":"2025-06-03T15:51:40","slug":"mediocampo-inedito-y-la-vuelta-de-messi-la-seleccion-argentina-se-prepara-para-visitar-a-chile","status":"publish","type":"post","link":"https:\/\/lalupa24.com.ar\/index.php\/2025\/06\/03\/mediocampo-inedito-y-la-vuelta-de-messi-la-seleccion-argentina-se-prepara-para-visitar-a-chile\/","title":{"rendered":"Mediocampo in\u00e9dito y la vuelta de Messi: la Selecci\u00f3n Argentina se prepara para visitar a Chile"},"content":{"rendered":"\n<p>a Selecci\u00f3n Argentina deber\u00e1 presentar\u00a0<strong>una mitad de cancha pr\u00e1cticamente renovada\u00a0<\/strong>para el partido frente a Chile, que se disputar\u00e1 el jueves a las 22 en Santiago, por la 15\u00aa fecha de las Eliminatorias Sudamericanas. Sin un panorama del todo claro, se espera la decisi\u00f3n de Lionel Scaloni.<\/p>\n\n\n\n<p>De los jugadores que arrancaron\u00a0el encuentro ante Brasil\u00a0-el \u00faltimo del combinado nacional-,\u00a0<strong>solo Rodrigo De Paul podr\u00eda repetir<\/strong>\u00a0de aquel mediocampo. Es que\u00a0<strong>Leandro Paredes<\/strong>\u00a0y<strong>\u00a0Enzo Fern\u00e1ndez<\/strong>\u00a0est\u00e1n suspendidos y<strong>\u00a0Alexis Mac Allister<\/strong>\u00a0no fue convocado para evitar arriesgarlo a ra\u00edz de una molestia muscular.<\/p>\n\n\n\n<p><br>Si bien<strong>&nbsp;Thiago Almada&nbsp;<\/strong>tambi\u00e9n fue titular en el cl\u00e1sico con la Vedeamarela,<strong>&nbsp;la vuelta de Lionel Messi<\/strong>&nbsp;(ausente por lesi\u00f3n en la \u00faltima doble fecha) lo dejar\u00eda afuera y provocar\u00eda el regreso al tradicional 4-3-3 que se hab\u00eda dejado de lado en los \u00faltimos compromisos. La otra opci\u00f3n es un esquema 4-4-2.<\/p>\n","protected":false},"excerpt":{"rendered":"<p>a Selecci\u00f3n Argentina deber\u00e1 presentar\u00a0una mitad de cancha pr\u00e1cticamente renovada\u00a0para el partido frente a Chile, que se disputar\u00e1 el jueves a las 22 en Santiago, por la 15\u00aa fecha de las Eliminatorias Sudamericanas. Sin un panorama del todo claro, se espera la decisi\u00f3n de Lionel Scaloni. De los jugadores que arrancaron\u00a0el encuentro ante Brasil\u00a0-el \u00faltimo [&hellip;]<\/p>\n","protected":false},"author":2,"featured_media":7830,"comment_status":"open","ping_status":"open","sticky":false,"template":"","format":"standard","meta":{"footnotes":""},"categories":[100],"tags":[],"class_list":{"0":"post-7829","1":"post","2":"type-post","3":"status-publish","4":"format-standard","5":"has-post-thumbnail","7":"category-deportes"},"aioseo_notices":[],"_links":{"self":[{"href":"https:\/\/lalupa24.com.ar\/index.php\/wp-json\/wp\/v2\/posts\/7829","targetHints":{"allow":["GET"]}}],"collection":[{"href":"https:\/\/lalupa24.com.ar\/index.php\/wp-json\/wp\/v2\/posts"}],"about":[{"href":"https:\/\/lalupa24.com.ar\/index.php\/wp-json\/wp\/v2\/types\/post"}],"author":[{"embeddable":true,"href":"https:\/\/lalupa24.com.ar\/index.php\/wp-json\/wp\/v2\/users\/2"}],"replies":[{"embeddable":true,"href":"https:\/\/lalupa24.com.ar\/index.php\/wp-json\/wp\/v2\/comments?post=7829"}],"version-history":[{"count":1,"href":"https:\/\/lalupa24.com.ar\/index.php\/wp-json\/wp\/v2\/posts\/7829\/revisions"}],"predecessor-version":[{"id":7831,"href":"https:\/\/lalupa24.com.ar\/index.php\/wp-json\/wp\/v2\/posts\/7829\/revisions\/7831"}],"wp:featuredmedia":[{"embeddable":true,"href":"https:\/\/lalupa24.com.ar\/index.php\/wp-json\/wp\/v2\/media\/7830"}],"wp:attachment":[{"href":"https:\/\/lalupa24.com.ar\/index.php\/wp-json\/wp\/v2\/media?parent=7829"}],"wp:term":[{"taxonomy":"category","embeddable":true,"href":"https:\/\/lalupa24.com.ar\/index.php\/wp-json\/wp\/v2\/categories?post=7829"},{"taxonomy":"post_tag","embeddable":true,"href":"https:\/\/lalupa24.com.ar\/index.php\/wp-json\/wp\/v2\/tags?post=7829"}],"curies":[{"name":"wp","href":"https:\/\/api.w.org\/{rel}","templated":true}]}}