{"id":8002,"date":"2025-06-05T19:05:00","date_gmt":"2025-06-05T22:05:00","guid":{"rendered":"https:\/\/lalupa24.com.ar\/?p=8002"},"modified":"2025-06-05T10:07:00","modified_gmt":"2025-06-05T13:07:00","slug":"dos-hombres-terminaron-capturados-por-tener-pedido-de-detencion-activos","status":"publish","type":"post","link":"https:\/\/lalupa24.com.ar\/index.php\/2025\/06\/05\/dos-hombres-terminaron-capturados-por-tener-pedido-de-detencion-activos\/","title":{"rendered":"Dos hombres terminaron capturados por tener pedido de detenci\u00f3n activos"},"content":{"rendered":"\n<p><\/p>\n\n\n\n<p>El primer procedimiento tuvo lugar alrededor de las 23:20, en la intersecci\u00f3n de avenida Lavalle y calle La Rioja. All\u00ed, los agentes identificaron a un hombre de 29 a\u00f1os, quien al ser verificado en el Sistema de Gesti\u00f3n Biom\u00e9trica (SIGEBI), registraba un pedido activo de aprehensi\u00f3n emitido por la C\u00e1mara Tercera en lo Criminal de Resistencia.<\/p>\n\n\n\n<p>El sujeto era buscado en el marco de una causa por \u201cHurto con escalamiento en grado de tentativa\u201d, y otra acumulada por \u201cRobo en grado de tentativa\u201d. Fue examinado por el m\u00e9dico policial de turno y posteriormente trasladado a la Comisar\u00eda Segunda, donde qued\u00f3 a disposici\u00f3n del magistrado interviniente.<\/p>\n\n\n\n<p>El segundo operativo se concret\u00f3 a las 2:30 de la madrugada, en la intersecci\u00f3n de avenida Lavalle y avenida Inmigrantes. En esta ocasi\u00f3n, los efectivos identificaron a un joven de 25 a\u00f1os, sobre quien pesaba una orden de detenci\u00f3n activa registrada en el Sistema Federal de Comunicaciones Policiales (SIFCOP).<\/p>\n\n\n\n<p>El requerimiento judicial fue emitido por el Juzgado Correccional N.\u00ba 3 de Resistencia, en el marco de una causa por \u201cSupuesta comisi\u00f3n de delito contra las personas doloso, lesiones leves\u201d, con fecha de alta del 3 de abril de 2024.<br>Tras su examen m\u00e9dico, fue trasladado a la Comisar\u00eda Duod\u00e9cima.<\/p>\n","protected":false},"excerpt":{"rendered":"<p>El primer procedimiento tuvo lugar alrededor de las 23:20, en la intersecci\u00f3n de avenida Lavalle y calle La Rioja. All\u00ed, los agentes identificaron a un hombre de 29 a\u00f1os, quien al ser verificado en el Sistema de Gesti\u00f3n Biom\u00e9trica (SIGEBI), registraba un pedido activo de aprehensi\u00f3n emitido por la C\u00e1mara Tercera en lo Criminal de [&hellip;]<\/p>\n","protected":false},"author":2,"featured_media":8003,"comment_status":"open","ping_status":"open","sticky":false,"template":"","format":"standard","meta":{"footnotes":""},"categories":[155],"tags":[],"class_list":{"0":"post-8002","1":"post","2":"type-post","3":"status-publish","4":"format-standard","5":"has-post-thumbnail","7":"category-policiales"},"aioseo_notices":[],"_links":{"self":[{"href":"https:\/\/lalupa24.com.ar\/index.php\/wp-json\/wp\/v2\/posts\/8002","targetHints":{"allow":["GET"]}}],"collection":[{"href":"https:\/\/lalupa24.com.ar\/index.php\/wp-json\/wp\/v2\/posts"}],"about":[{"href":"https:\/\/lalupa24.com.ar\/index.php\/wp-json\/wp\/v2\/types\/post"}],"author":[{"embeddable":true,"href":"https:\/\/lalupa24.com.ar\/index.php\/wp-json\/wp\/v2\/users\/2"}],"replies":[{"embeddable":true,"href":"https:\/\/lalupa24.com.ar\/index.php\/wp-json\/wp\/v2\/comments?post=8002"}],"version-history":[{"count":1,"href":"https:\/\/lalupa24.com.ar\/index.php\/wp-json\/wp\/v2\/posts\/8002\/revisions"}],"predecessor-version":[{"id":8004,"href":"https:\/\/lalupa24.com.ar\/index.php\/wp-json\/wp\/v2\/posts\/8002\/revisions\/8004"}],"wp:featuredmedia":[{"embeddable":true,"href":"https:\/\/lalupa24.com.ar\/index.php\/wp-json\/wp\/v2\/media\/8003"}],"wp:attachment":[{"href":"https:\/\/lalupa24.com.ar\/index.php\/wp-json\/wp\/v2\/media?parent=8002"}],"wp:term":[{"taxonomy":"category","embeddable":true,"href":"https:\/\/lalupa24.com.ar\/index.php\/wp-json\/wp\/v2\/categories?post=8002"},{"taxonomy":"post_tag","embeddable":true,"href":"https:\/\/lalupa24.com.ar\/index.php\/wp-json\/wp\/v2\/tags?post=8002"}],"curies":[{"name":"wp","href":"https:\/\/api.w.org\/{rel}","templated":true}]}}