{"id":8005,"date":"2025-06-05T10:09:06","date_gmt":"2025-06-05T13:09:06","guid":{"rendered":"https:\/\/lalupa24.com.ar\/?p=8005"},"modified":"2025-06-05T10:09:08","modified_gmt":"2025-06-05T13:09:08","slug":"taller-de-orientacon-laboral-para-estudiantes-de-la-uegp-n78-fe-y-alegria","status":"publish","type":"post","link":"https:\/\/lalupa24.com.ar\/index.php\/2025\/06\/05\/taller-de-orientacon-laboral-para-estudiantes-de-la-uegp-n78-fe-y-alegria\/","title":{"rendered":"Taller de orientac\u00f3n laboral para estudiantes de la UEGP N\u00b078 &#8220;Fe y Alegria&#8221;"},"content":{"rendered":"\n<p><\/p>\n\n\n\n<p>La Municipalidad de Resistencia, a trav\u00e9s de la Oficina de Empleo, llev\u00f3 adelante un taller de orientaci\u00f3n laboral en la Unidad Educativa de Gesti\u00f3n Privada N\u00b0 78 \u201cFe y Alegr\u00eda\u201d, destinado a alumnos que cursan el quinto a\u00f1o.<\/p>\n\n\n\n<p>Se trata de una modalidad instruida por el intendente Roy Nikisch, que fomenta a la comunidad tener la posibilidad de insertarse en el mercado.<\/p>\n\n\n\n<p>Juan Carlos Driutti Pumhoesl es profesor y referente de Intermediaci\u00f3n laboral de la entidad educativa, y explic\u00f3 que \u201ca trav\u00e9s del Municipio se lleva a cabo este taller de formaci\u00f3n para el trabajo, gestionamos la intermediaci\u00f3n y los estudiantes son capacitados\u201d.<\/p>\n\n\n\n<p>\u201cAgradezco el aporte municipal por apoyar nuestros emprendimientos, son practicas educativas no rentadas y apuntamos a los alumnos de 18 a\u00f1os para que en el segundo cuatrimestre puedan acceder a la bolsa de trabajo de la Oficina de Empleo\u201d, resalt\u00f3.<\/p>\n\n\n\n<p>Desde la Secretar\u00eda de Econom\u00eda se\u00f1alaron que este taller de orientaci\u00f3n brinda las herramientas necesarias para desarrollar proyectos a trav\u00e9s de capacitaciones, bolsa de empleo y apoyo a microemprendedores,<\/p>\n","protected":false},"excerpt":{"rendered":"<p>La Municipalidad de Resistencia, a trav\u00e9s de la Oficina de Empleo, llev\u00f3 adelante un taller de orientaci\u00f3n laboral en la Unidad Educativa de Gesti\u00f3n Privada N\u00b0 78 \u201cFe y Alegr\u00eda\u201d, destinado a alumnos que cursan el quinto a\u00f1o. Se trata de una modalidad instruida por el intendente Roy Nikisch, que fomenta a la comunidad tener [&hellip;]<\/p>\n","protected":false},"author":2,"featured_media":8006,"comment_status":"open","ping_status":"open","sticky":false,"template":"","format":"standard","meta":{"footnotes":""},"categories":[28],"tags":[],"class_list":{"0":"post-8005","1":"post","2":"type-post","3":"status-publish","4":"format-standard","5":"has-post-thumbnail","7":"category-locales"},"aioseo_notices":[],"_links":{"self":[{"href":"https:\/\/lalupa24.com.ar\/index.php\/wp-json\/wp\/v2\/posts\/8005","targetHints":{"allow":["GET"]}}],"collection":[{"href":"https:\/\/lalupa24.com.ar\/index.php\/wp-json\/wp\/v2\/posts"}],"about":[{"href":"https:\/\/lalupa24.com.ar\/index.php\/wp-json\/wp\/v2\/types\/post"}],"author":[{"embeddable":true,"href":"https:\/\/lalupa24.com.ar\/index.php\/wp-json\/wp\/v2\/users\/2"}],"replies":[{"embeddable":true,"href":"https:\/\/lalupa24.com.ar\/index.php\/wp-json\/wp\/v2\/comments?post=8005"}],"version-history":[{"count":1,"href":"https:\/\/lalupa24.com.ar\/index.php\/wp-json\/wp\/v2\/posts\/8005\/revisions"}],"predecessor-version":[{"id":8007,"href":"https:\/\/lalupa24.com.ar\/index.php\/wp-json\/wp\/v2\/posts\/8005\/revisions\/8007"}],"wp:featuredmedia":[{"embeddable":true,"href":"https:\/\/lalupa24.com.ar\/index.php\/wp-json\/wp\/v2\/media\/8006"}],"wp:attachment":[{"href":"https:\/\/lalupa24.com.ar\/index.php\/wp-json\/wp\/v2\/media?parent=8005"}],"wp:term":[{"taxonomy":"category","embeddable":true,"href":"https:\/\/lalupa24.com.ar\/index.php\/wp-json\/wp\/v2\/categories?post=8005"},{"taxonomy":"post_tag","embeddable":true,"href":"https:\/\/lalupa24.com.ar\/index.php\/wp-json\/wp\/v2\/tags?post=8005"}],"curies":[{"name":"wp","href":"https:\/\/api.w.org\/{rel}","templated":true}]}}