{"id":8029,"date":"2025-06-05T12:46:57","date_gmt":"2025-06-05T15:46:57","guid":{"rendered":"https:\/\/lalupa24.com.ar\/?p=8029"},"modified":"2025-06-05T12:46:58","modified_gmt":"2025-06-05T15:46:58","slug":"caen-los-bonos-y-caputo-lo-atribuye-a-la-aprobacion-de-la-suba-de-jubilaciones-en-diputados","status":"publish","type":"post","link":"https:\/\/lalupa24.com.ar\/index.php\/2025\/06\/05\/caen-los-bonos-y-caputo-lo-atribuye-a-la-aprobacion-de-la-suba-de-jubilaciones-en-diputados\/","title":{"rendered":"Caen los bonos y Caputo lo atribuye a la aprobaci\u00f3n de la suba de jubilaciones en Diputados"},"content":{"rendered":"\n<p>El ministro de Econom\u00eda poste\u00f3 sobre una imagen que mostraba la ca\u00edda de los t\u00edtulos soberanos.<\/p>\n\n\n\n<p>El ministro de Econom\u00eda, Luis Caputo, acus\u00f3 a la aprobaci\u00f3n de la suba de jubilaciones que aprob\u00f3 la C\u00e1mara de Diputados a la ca\u00edda que experimentan este jueves los bonos de la deuda soberano.<\/p>\n\n\n\n<p>\u201cCorrect\u00edsimo\u201d, poste\u00f3 el jefe del Palacio de Hacienda sobre una publicaci\u00f3n en \u201cX\u201d que mostraba una imagen de pantalla de operadores que exhib\u00eda la baja en la cotizaci\u00f3n de los t\u00edtulos de deuda.<\/p>\n\n\n\n<p>\u201cCada vez que la corporaci\u00f3n pol\u00edtica que quebr\u00f3 el pa\u00eds se junta a debatir c\u00f3mo destruir el equilibrio fiscal, el Riesgo Pa\u00eds sube. Porque ellos son el verdadero Riesgo Pa\u00eds, no las reservas, no el d\u00f3lar ni el FMI\u201d, dice el posteo que Caputo aval\u00f3.<\/p>\n\n\n\n<p>En la misma red, ayer Caputo escribi\u00f3: \u201cSaluden a los degenerados fiscales que se van. En octubre hay elecciones y a la sociedad ya no la enga\u00f1an haci\u00e9ndose los abanderados de las causas nobles\u2026\u201d<\/p>\n\n\n\n<p>El argumento de que \u201cla pol\u00edtica atentando contra el equilibrio fiscal\u201d, es la responsable de complicaciones en el plano financiero, ha sido utilizado en otras ocasiones por el gobierno nacional.<\/p>\n","protected":false},"excerpt":{"rendered":"<p>El ministro de Econom\u00eda poste\u00f3 sobre una imagen que mostraba la ca\u00edda de los t\u00edtulos soberanos. El ministro de Econom\u00eda, Luis Caputo, acus\u00f3 a la aprobaci\u00f3n de la suba de jubilaciones que aprob\u00f3 la C\u00e1mara de Diputados a la ca\u00edda que experimentan este jueves los bonos de la deuda soberano. \u201cCorrect\u00edsimo\u201d, poste\u00f3 el jefe del [&hellip;]<\/p>\n","protected":false},"author":11,"featured_media":8030,"comment_status":"open","ping_status":"open","sticky":false,"template":"","format":"standard","meta":{"footnotes":""},"categories":[26],"tags":[],"class_list":{"0":"post-8029","1":"post","2":"type-post","3":"status-publish","4":"format-standard","5":"has-post-thumbnail","7":"category-nacionales"},"aioseo_notices":[],"_links":{"self":[{"href":"https:\/\/lalupa24.com.ar\/index.php\/wp-json\/wp\/v2\/posts\/8029","targetHints":{"allow":["GET"]}}],"collection":[{"href":"https:\/\/lalupa24.com.ar\/index.php\/wp-json\/wp\/v2\/posts"}],"about":[{"href":"https:\/\/lalupa24.com.ar\/index.php\/wp-json\/wp\/v2\/types\/post"}],"author":[{"embeddable":true,"href":"https:\/\/lalupa24.com.ar\/index.php\/wp-json\/wp\/v2\/users\/11"}],"replies":[{"embeddable":true,"href":"https:\/\/lalupa24.com.ar\/index.php\/wp-json\/wp\/v2\/comments?post=8029"}],"version-history":[{"count":1,"href":"https:\/\/lalupa24.com.ar\/index.php\/wp-json\/wp\/v2\/posts\/8029\/revisions"}],"predecessor-version":[{"id":8031,"href":"https:\/\/lalupa24.com.ar\/index.php\/wp-json\/wp\/v2\/posts\/8029\/revisions\/8031"}],"wp:featuredmedia":[{"embeddable":true,"href":"https:\/\/lalupa24.com.ar\/index.php\/wp-json\/wp\/v2\/media\/8030"}],"wp:attachment":[{"href":"https:\/\/lalupa24.com.ar\/index.php\/wp-json\/wp\/v2\/media?parent=8029"}],"wp:term":[{"taxonomy":"category","embeddable":true,"href":"https:\/\/lalupa24.com.ar\/index.php\/wp-json\/wp\/v2\/categories?post=8029"},{"taxonomy":"post_tag","embeddable":true,"href":"https:\/\/lalupa24.com.ar\/index.php\/wp-json\/wp\/v2\/tags?post=8029"}],"curies":[{"name":"wp","href":"https:\/\/api.w.org\/{rel}","templated":true}]}}