{"id":803,"date":"2024-03-25T09:47:54","date_gmt":"2024-03-25T12:47:54","guid":{"rendered":"https:\/\/lalupa24.com.ar\/?p=803"},"modified":"2024-03-25T09:47:56","modified_gmt":"2024-03-25T12:47:56","slug":"los-elegidos-por-mascherano-para-reforzar-el-sub-23-en-los-juegos-olimpicos-dan-senales-positivas-2","status":"publish","type":"post","link":"https:\/\/lalupa24.com.ar\/index.php\/2024\/03\/25\/los-elegidos-por-mascherano-para-reforzar-el-sub-23-en-los-juegos-olimpicos-dan-senales-positivas-2\/","title":{"rendered":"Los elegidos por Mascherano para reforzar el Sub-23 en los Juegos Ol\u00edmpicos dan se\u00f1ales positivas"},"content":{"rendered":"\n<p>Casi que no dudar\u00eda\u00a0<strong>Javier Mascherano\u00a0<\/strong>si le dejaran elegir a los tres futbolistas mayores para reforzar el equipo Sub-23 que disputar\u00e1 los\u00a0<strong>Juegos Ol\u00edmpicos<\/strong>\u00a0en Par\u00eds desde el 24 de julio, diez d\u00edas despu\u00e9s del final de la\u00a0<strong>Copa Am\u00e9rica<\/strong>\u00a0en Estados Unidos. Y lo positivo para el Jefecito es que ya tuvo gui\u00f1os de los tres con los que sue\u00f1a.\u00a0<strong>Lionel Messi<\/strong>\u00a0es un ilusi\u00f3n que cada vez se parece m\u00e1s a una utop\u00eda. Pero hubo charlas entre el DT y la Pulga.<strong>\u00a0Emiliano Mart\u00ednez<\/strong>\u00a0avis\u00f3 que es lo \u00fanico que le falta por ganar con la Selecci\u00f3n. Y este domingo se postul\u00f3\u00a0<strong>Cristian Romero<\/strong>. &#8220;Me encantar\u00eda estar&#8221;, dijo. S\u00ed, Leo, Dibu y Cuti, los tres anhelados por Masche, lanzaron se\u00f1ales&#8230;<\/p>\n\n\n\n<p>Igual, conviene aclarar de entrada:&nbsp;<strong>no ser\u00e1 sencillo que los futbolistas mayores de 23 a\u00f1os puedan estar en Par\u00eds<\/strong>. Al menos los que triunfan en los grandes elencos de Europa. Se recuerda que los clubes no tiene obligaci\u00f3n de cederlos y las temporadas comenzar\u00e1n apenas unos d\u00edas despu\u00e9s de la finalizaci\u00f3n de los Juegos.<\/p>\n\n\n\n<p>&#8220;En la Selecci\u00f3n Mayor no tenemos ning\u00fan inconveniente de que los jugadores se sumen; veo positivo que quieran ir a los Juegos Ol\u00edmpicos. Yo, como futbolista, no pude ir y me qued\u00e9 con la espina. Es una experiencia \u00fanica&#8221;, avis\u00f3<strong>&nbsp;Lionel Scaloni<\/strong>&nbsp;desde Filadelfia. Y agreg\u00f3: &#8220;<strong>Ser\u00e1 Masche el que decida qu\u00e9 jugadores necesita<\/strong>&nbsp;y qu\u00e9 puestos pretende cubrir. Despu\u00e9s, el jugador tendr\u00e1 que hablar con el club y pedir el permiso. No va a ser f\u00e1cil&#8221;.<img loading=\"lazy\" decoding=\"async\" width=\"720\" height=\"480\" src=\"https:\/\/www.clarin.com\/img\/2024\/03\/24\/bZrXK_tpy_720x0__1.jpg\" alt=\"Cuti Romero tiene ganas de estar en los Juegos Ol\u00edmpicos.\nFotos: Emmanuel Fern\u00e1ndez\"><\/p>\n\n\n\n<p>Cuti Romero tiene ganas de estar en los Juegos Ol\u00edmpicos. Fotos: Emmanuel Fern\u00e1ndez<\/p>\n\n\n\n<p>As\u00ed las cosas, la presi\u00f3n que puedan ejercer los futbolistas en sus clubes ser\u00e1 clave. Tienen todas las de perder, de todos modos. Pero las se\u00f1ales para Mascherano se acumulan. &#8220;<strong>Nunca tuve la posibilidad de estar en los Juegos Ol\u00edmpicos y me encantar\u00eda<\/strong>. Obviamente que no depende de m\u00ed, pero si quiere llevarme estoy disponible para la Selecci\u00f3n Argentina&#8221;, dispar\u00f3&nbsp;<strong>Cristian Romero<\/strong>&nbsp;en TyC Sports.<\/p>\n\n\n\n<p><strong>\u00bfPodr\u00e1&nbsp;<em>Cuti<\/em>&nbsp;hacer fuerza para estar en los Juegos Ol\u00edmpicos?<\/strong>&nbsp;No ser\u00e1 sencillo porque el cordob\u00e9s de 25 a\u00f1os estar\u00e1 afectado un mes a la Copa Am\u00e9rica, que culminar\u00e1 el 14 de julio. Por eso d\u00edas, Tottenham de Inglaterra comenzar\u00e1 la pretemporada de cara al inicio de la Premier League, previsto para el 17 de agosto. El f\u00fatbol en los Juegos Ol\u00edmpicos comienzan el 24 de julio y terminan el 9 de agosto El margen de acci\u00f3n para Cuti en m\u00ednimo.<\/p>\n\n\n\n<p>En el ideal de Mascherano, Emiliano Mart\u00ednez y Cristian Romero ser\u00edan importantes para aportarle mayor solidez a la Sub-23, que, por cuesti\u00f3n de edad, podr\u00eda contar con&nbsp;<strong>Enzo Fern\u00e1ndez, Alejandro Garnacho y Facundo Buonanotte<\/strong>. La frutilla del postre ser\u00eda Lionel Andr\u00e9s Messi. &#8220;La invitaci\u00f3n est\u00e1 hecha. El caso de Leo es muy parecido al del resto de los jugadores en el exterior. Iremos hablando. Est\u00e1 la Copa Am\u00e9rica, habr\u00e1 que ver c\u00f3mo termina. Hay una dificultad l\u00f3gica que es que los jugadores que vayan a la Copa Am\u00e9rica van a pasar mucho tiempo fuera de sus clubes y eso nunca es f\u00e1cil. Pero la esperanza de tenerlo siempre est\u00e1&#8221;.<\/p>\n\n\n\n<p>A menos de 4 meses del inicio de los Juegos Ol\u00edmpicos, tres de los preferidos por Mascherano para reforzar al Sub-23, Messi, Dibu Mart\u00ednez y Cuti Romero, alimentan la ilusi\u00f3n del entrenador. El tiempo dir\u00e1 si el anhelo su co<\/p>\n","protected":false},"excerpt":{"rendered":"<p>Casi que no dudar\u00eda\u00a0Javier Mascherano\u00a0si le dejaran elegir a los tres futbolistas mayores para reforzar el equipo Sub-23 que disputar\u00e1 los\u00a0Juegos Ol\u00edmpicos\u00a0en Par\u00eds desde el 24 de julio, diez d\u00edas despu\u00e9s del final de la\u00a0Copa Am\u00e9rica\u00a0en Estados Unidos. Y lo positivo para el Jefecito es que ya tuvo gui\u00f1os de los tres con los que [&hellip;]<\/p>\n","protected":false},"author":2,"featured_media":804,"comment_status":"open","ping_status":"open","sticky":false,"template":"","format":"standard","meta":{"footnotes":""},"categories":[100],"tags":[],"class_list":{"0":"post-803","1":"post","2":"type-post","3":"status-publish","4":"format-standard","5":"has-post-thumbnail","7":"category-deportes"},"aioseo_notices":[],"_links":{"self":[{"href":"https:\/\/lalupa24.com.ar\/index.php\/wp-json\/wp\/v2\/posts\/803","targetHints":{"allow":["GET"]}}],"collection":[{"href":"https:\/\/lalupa24.com.ar\/index.php\/wp-json\/wp\/v2\/posts"}],"about":[{"href":"https:\/\/lalupa24.com.ar\/index.php\/wp-json\/wp\/v2\/types\/post"}],"author":[{"embeddable":true,"href":"https:\/\/lalupa24.com.ar\/index.php\/wp-json\/wp\/v2\/users\/2"}],"replies":[{"embeddable":true,"href":"https:\/\/lalupa24.com.ar\/index.php\/wp-json\/wp\/v2\/comments?post=803"}],"version-history":[{"count":1,"href":"https:\/\/lalupa24.com.ar\/index.php\/wp-json\/wp\/v2\/posts\/803\/revisions"}],"predecessor-version":[{"id":805,"href":"https:\/\/lalupa24.com.ar\/index.php\/wp-json\/wp\/v2\/posts\/803\/revisions\/805"}],"wp:featuredmedia":[{"embeddable":true,"href":"https:\/\/lalupa24.com.ar\/index.php\/wp-json\/wp\/v2\/media\/804"}],"wp:attachment":[{"href":"https:\/\/lalupa24.com.ar\/index.php\/wp-json\/wp\/v2\/media?parent=803"}],"wp:term":[{"taxonomy":"category","embeddable":true,"href":"https:\/\/lalupa24.com.ar\/index.php\/wp-json\/wp\/v2\/categories?post=803"},{"taxonomy":"post_tag","embeddable":true,"href":"https:\/\/lalupa24.com.ar\/index.php\/wp-json\/wp\/v2\/tags?post=803"}],"curies":[{"name":"wp","href":"https:\/\/api.w.org\/{rel}","templated":true}]}}