{"id":806,"date":"2024-03-25T09:49:55","date_gmt":"2024-03-25T12:49:55","guid":{"rendered":"https:\/\/lalupa24.com.ar\/?p=806"},"modified":"2024-03-25T09:49:57","modified_gmt":"2024-03-25T12:49:57","slug":"crimen-en-la-fiesta-de-15-detuvieron-al-presunto-autor-de-los-disparos","status":"publish","type":"post","link":"https:\/\/lalupa24.com.ar\/index.php\/2024\/03\/25\/crimen-en-la-fiesta-de-15-detuvieron-al-presunto-autor-de-los-disparos\/","title":{"rendered":"Crimen en la fiesta de 15: detuvieron al presunto autor de los disparos"},"content":{"rendered":"\n<p>En las primeras horas de este lunes, la Polic\u00eda efectu\u00f3 operativos para dar con los que autores del homicidio de V\u00edctor L\u00f3pez, ocurrido en las primeras horas del domingo en el barrio Malvinas de Barranqueras.<\/p>\n\n\n\n<p>As\u00ed, efectivos detuvieron a una cuadra de donde se dio el asesinato, a Esteban Gonz\u00e1lez, de 24 a\u00f1os. En paralelo, se present\u00f3 ante la Polic\u00eda la hermana del detenido y entreg\u00f3 una pistola 9 mil\u00edmetros y un cargador sin municiones, la que se\u00f1al\u00f3 que se us\u00f3 para matar a L\u00f3pez.<\/p>\n\n\n\n<figure class=\"wp-block-image\"><img decoding=\"async\" src=\"https:\/\/www.diarionorte.com\/content\/bucket\/4\/357504w750h422c.jpg.webp\" alt=\"\"\/><\/figure>\n\n\n\n<p>Tambi\u00e9n se detuvo a Roberto Trinidad, que tendr\u00eda participaci\u00f3n en el hecho. A ambos, se le realizar\u00e1 la prueba cient\u00edfica para determinar si tienen restos de p\u00f3lvora en sus manos.<\/p>\n\n\n\n<figure class=\"wp-block-image\"><img decoding=\"async\" src=\"https:\/\/www.diarionorte.com\/content\/bucket\/5\/357505w750h422c.jpg.webp\" alt=\"\"\/><\/figure>\n\n\n\n<p><strong>EL HECHO<\/strong><\/p>\n\n\n\n<p>El domingo, poco antes de 9, varias motos pasaron por el inmueble de Timb\u00f3 y Castelli y empezaron a disparar hacia dentro de la casa en la que se estaba festejando un cumplea\u00f1os de 15 a\u00f1os.<\/p>\n\n\n\n<p>L\u00f3pez falleci\u00f3 en el acto. El proyectil impact\u00f3 en su cabeza y en la calle se secuestraron cinco vainas.<\/p>\n","protected":false},"excerpt":{"rendered":"<p>En las primeras horas de este lunes, la Polic\u00eda efectu\u00f3 operativos para dar con los que autores del homicidio de V\u00edctor L\u00f3pez, ocurrido en las primeras horas del domingo en el barrio Malvinas de Barranqueras. As\u00ed, efectivos detuvieron a una cuadra de donde se dio el asesinato, a Esteban Gonz\u00e1lez, de 24 a\u00f1os. En paralelo, [&hellip;]<\/p>\n","protected":false},"author":2,"featured_media":807,"comment_status":"open","ping_status":"open","sticky":false,"template":"","format":"standard","meta":{"footnotes":""},"categories":[1],"tags":[],"class_list":{"0":"post-806","1":"post","2":"type-post","3":"status-publish","4":"format-standard","5":"has-post-thumbnail","7":"category-blog"},"aioseo_notices":[],"_links":{"self":[{"href":"https:\/\/lalupa24.com.ar\/index.php\/wp-json\/wp\/v2\/posts\/806","targetHints":{"allow":["GET"]}}],"collection":[{"href":"https:\/\/lalupa24.com.ar\/index.php\/wp-json\/wp\/v2\/posts"}],"about":[{"href":"https:\/\/lalupa24.com.ar\/index.php\/wp-json\/wp\/v2\/types\/post"}],"author":[{"embeddable":true,"href":"https:\/\/lalupa24.com.ar\/index.php\/wp-json\/wp\/v2\/users\/2"}],"replies":[{"embeddable":true,"href":"https:\/\/lalupa24.com.ar\/index.php\/wp-json\/wp\/v2\/comments?post=806"}],"version-history":[{"count":1,"href":"https:\/\/lalupa24.com.ar\/index.php\/wp-json\/wp\/v2\/posts\/806\/revisions"}],"predecessor-version":[{"id":808,"href":"https:\/\/lalupa24.com.ar\/index.php\/wp-json\/wp\/v2\/posts\/806\/revisions\/808"}],"wp:featuredmedia":[{"embeddable":true,"href":"https:\/\/lalupa24.com.ar\/index.php\/wp-json\/wp\/v2\/media\/807"}],"wp:attachment":[{"href":"https:\/\/lalupa24.com.ar\/index.php\/wp-json\/wp\/v2\/media?parent=806"}],"wp:term":[{"taxonomy":"category","embeddable":true,"href":"https:\/\/lalupa24.com.ar\/index.php\/wp-json\/wp\/v2\/categories?post=806"},{"taxonomy":"post_tag","embeddable":true,"href":"https:\/\/lalupa24.com.ar\/index.php\/wp-json\/wp\/v2\/tags?post=806"}],"curies":[{"name":"wp","href":"https:\/\/api.w.org\/{rel}","templated":true}]}}