{"id":810,"date":"2024-03-25T09:53:35","date_gmt":"2024-03-25T12:53:35","guid":{"rendered":"https:\/\/lalupa24.com.ar\/?p=810"},"modified":"2024-03-25T09:53:36","modified_gmt":"2024-03-25T12:53:36","slug":"rusia-mostro-a-los-cuatro-acusados-del-ataque-que-dejo-al-menos-137-muertos-declararon-ante-un-tribunal-y-tres-admitieron-su-culpabilidad","status":"publish","type":"post","link":"https:\/\/lalupa24.com.ar\/index.php\/2024\/03\/25\/rusia-mostro-a-los-cuatro-acusados-del-ataque-que-dejo-al-menos-137-muertos-declararon-ante-un-tribunal-y-tres-admitieron-su-culpabilidad\/","title":{"rendered":"Rusia mostr\u00f3 a los cuatro acusados del ataque que dej\u00f3 al menos 137 muertos: declararon ante un tribunal y tres admitieron su culpabilidad"},"content":{"rendered":"\n<p>Los cuatro acusados del ataque a la popular sala de conciertos rusa<strong>&nbsp;Crocus City Hall,<\/strong>&nbsp;donde&nbsp;<strong>murieron al menos 137 personas,<\/strong>&nbsp;fueron puestos este domingo en prisi\u00f3n preventiva tras declarar a ante un tribunal de la capital rusa.&nbsp;<strong>Tres de ellos admitieron su culpabilidad.<\/strong><\/p>\n\n\n\n<p>La Corte del Distrito Basmanny, de Mosc\u00fa, acus\u00f3 formalmente a<strong>&nbsp;Dalerdzhon Mirzoyev,&nbsp;<\/strong>de 32 a\u00f1os;&nbsp;<strong>Saidakrami Rachabalizoda,&nbsp;<\/strong>de 30;<strong>&nbsp;Muhammadsobir Faizov,<\/strong>&nbsp;de 19; y&nbsp;<strong>Shamsidin Fariduni,&nbsp;<\/strong>de 25, de cometer un&nbsp;<strong>atentado terrorista grupal<\/strong>. El delito conlleva una sentencia m\u00e1xima de&nbsp;<strong>cadena perpetua.&nbsp;<\/strong>El gobierno de Vladimir Putin<strong>&nbsp;mostr\u00f3 por primera vez im\u00e1genes de los cuatro.<\/strong><\/p>\n\n\n\n<p><strong>Mirzoyev, Rachabalizoda y Shamsidin Fariduni reconocieron su culpabilidad&nbsp;<\/strong>despu\u00e9s de que se anunciaran los cargos en su contra. El cuarto,<strong>&nbsp;Faizov, fue llevado a la corte en silla de ruedas directamente desde un hospital, y permaneci\u00f3 sentado y con los ojos cerrados<\/strong>&nbsp;durante la audiencia. Mientras estaba en la sala, recibi\u00f3 atenci\u00f3n m\u00e9dica.<\/p>\n\n\n\n<p>En la audiencia, Mirzoyev dijo que es<strong>&nbsp;ciudadano de Tayikist\u00e1n y que tiene tres hijos menores.&nbsp;<\/strong>Este detenido viv\u00eda en la regi\u00f3n de Mosc\u00fa con documentos de residencia caducados hace tres meses, inform\u00f3 la agencia TASS.<\/p>\n\n\n\n<p>La presentaci\u00f3n de los cuatro ante la Justicia ocurri\u00f3 en la noche de una&nbsp;<strong>jornada de duelo nacional en Rusia<\/strong>&nbsp;tras la masacre ocurrida el viernes, en el ataque m\u00e1s mort\u00edfero en Europa reivindicado por el grupo Estado Isl\u00e1mico (EI).<img loading=\"lazy\" decoding=\"async\" width=\"720\" height=\"480\" src=\"https:\/\/www.clarin.com\/img\/2024\/03\/24\/W7GaaPDDp_720x0__1.jpg\" alt=\"Saidakrami Rachabalizoda, uno de los acusados.\"><\/p>\n\n\n\n<p>Saidakrami Rachabalizoda, uno de los acusados.<\/p>\n\n\n\n<p>La detenci\u00f3n preventiva de los acusados, fijada<strong>&nbsp;hasta el 22 de mayo,<\/strong>&nbsp;podr\u00e1 ser prolongada a la espera de su juicio, cuya fecha a\u00fan no ha sido decidida.<\/p>\n\n\n\n<p>El yihadista<strong>&nbsp;EI asumi\u00f3 la autor\u00eda del ataque<\/strong>&nbsp;perpetrado en la sala de conciertos Crocus City Hall, pero las autoridades rusas siguen sin mencionar esta reivindicaci\u00f3n y apuntan a una pista ucraniana.<\/p>\n\n\n\n<p><strong>La cifra de muertos podr\u00eda aumentar, ya que los rescatistas siguen buscando<\/strong>&nbsp;entre los escombros del edificio, incendiado por los atacantes.<\/p>\n\n\n\n<p><\/p>\n\n\n\n<h2 class=\"wp-block-heading\"><\/h2>\n\n\n\n<p>El atentado dej\u00f3<strong>&nbsp;al menos 182 heridos, 101 de ellos a\u00fan internados y 40 en estado cr\u00edtico,&nbsp;<\/strong>informaron las autoridades sanitarias.<\/p>\n\n\n\n<p>Los museos y teatros de Mosc\u00fa permanecieron&nbsp;<strong>cerrados el fin de semana,&nbsp;<\/strong>y los restaurantes de la capital prometieron&nbsp;<strong>donar parte de sus beneficios del domingo a los familiares&nbsp;<\/strong>de las v\u00edctimas.<\/p>\n\n\n\n<p><img loading=\"lazy\" decoding=\"async\" width=\"720\" height=\"480\" src=\"https:\/\/www.clarin.com\/img\/2024\/03\/24\/CEsaJ_1LQ_720x0__1.jpg\" alt=\"Dalerdzhon Mirzoyev, de 32 a\u00f1os, uno de los acusados por terrorismo ante el antentado en Mosc\u00fa. Foto Tatyana Makeyeva \/ AFP\"><\/p>\n\n\n\n<p>Dalerdzhon Mirzoyev, de 32 a\u00f1os, uno de los acusados por terrorismo ante el antentado en Mosc\u00fa. Foto Tatyana Makeyeva \/ AFP<\/p>\n\n\n\n<p><strong>&#8220;La gente ya no sonr\u00ede, ya no hay alegr\u00eda&#8221;,&nbsp;<\/strong>declar\u00f3 a la AFP Valentina Karenina, oriunda de Siberia pero de paso en Mosc\u00fa, que fue a encender una vela a una iglesia cerca de la famosa Plaza Roja, cerrada este domingo al p\u00fablico.<\/p>\n\n\n\n<p>El grupo yihadista, que Rusia combate en Siria y est\u00e1 presente en el C\u00e1ucaso ruso, cometi\u00f3 otros atentados en el pa\u00eds durante la \u00faltima d\u00e9cada.<img loading=\"lazy\" decoding=\"async\" width=\"720\" height=\"480\" src=\"https:\/\/www.clarin.com\/img\/2024\/03\/24\/IA-w3pyxv_720x0__1.jpg\" alt=\"Mukhammadsobir Faizov, de 19 a\u00f1os, el m\u00e1s joven de los acusados por el atentado en Mosc\u00fa. Foto Alexander Zemlianichenko \/ AP\"><\/p>\n\n\n\n<p>Mukhammadsobir Faizov, de 19 a\u00f1os, el m\u00e1s joven de los acusados por el atentado en Mosc\u00fa. Foto Alexander Zemlianichenko \/ AP<\/p>\n\n\n\n<p>Los atacantes irrumpieron fuertemente armados en la noche del viernes en el Crocus City Hall, en el suburbio moscovita de Krasnogorsk:&nbsp;<strong>dispararon contra el p\u00fablico e incendiaron parte de la sala.<\/strong><\/p>\n\n\n\n<h2 class=\"wp-block-heading\">Vladimir Putin busca involucrar a Ucrania<\/h2>\n\n\n\n<p>El s\u00e1bado, Putin prometi\u00f3 castigar a los responsables del &#8220;acto terrorista salvaje&#8221; y asegur\u00f3 que&nbsp;<strong>cuatro hombres que intentaban huir a Ucrania hab\u00edan sido detenidos.<\/strong><\/p>\n\n\n\n<p>Esas cuatro personas, todos &#8220;ciudadanos extranjeros&#8221;, fueron detenidas en la regi\u00f3n de Briansk,&nbsp;<strong>en la frontera con Ucrania y Bielorrusia,<\/strong>&nbsp;seg\u00fan las autoridades.<img loading=\"lazy\" decoding=\"async\" width=\"720\" height=\"480\" src=\"https:\/\/www.clarin.com\/img\/2024\/03\/24\/P5DoJ1ftr_720x0__1.jpg\" alt=\"Shamsidin Fariduni, de 25 a\u00f1os, acusado de cometer un atentado terrorista grupal en Rusia. Foto Yulia Morozova \/ Reuters\"><\/p>\n\n\n\n<p>Shamsidin Fariduni, de 25 a\u00f1os, acusado de cometer un atentado terrorista grupal en Rusia. Foto Yulia Morozova \/ Reuters<\/p>\n\n\n\n<p>El FSB (servicio de seguridad ruso) afirm\u00f3 que los sospechosos<strong>&nbsp;ten\u00edan &#8220;contactos&#8221; en Ucrania y planeaban huir a este pa\u00eds<\/strong>&nbsp;tras el ataque, pero no ofreci\u00f3 pruebas de este supuesto v\u00ednculo ni dio detalles.<\/p>\n\n\n\n<p><strong>Kiev neg\u00f3 cualquier vinculaci\u00f3n&nbsp;<\/strong>y el presidente Volodimir Zelenski acus\u00f3 a Putin de intentar &#8220;echar la culpa&#8221; a Ucrania, en medio de la guerra entre ambos pa\u00edses.<\/p>\n\n\n\n<p>La portavoz del Consejo de Seguridad Nacional de la Casa Blanca, Adrienne Watson, reiter\u00f3 este domingo que&nbsp;<strong>el grupo yihadista es el \u00fanico responsable y que Ucrania no est\u00e1 involucrada.<\/strong><\/p>\n\n\n\n<p>Las autoridades estadounidenses indicaron que&nbsp;<strong>hab\u00edan advertido a Rusia, a inicios de marzo, sobre un posible ataque &#8220;terrorista&#8221; en un lugar de Mosc\u00fa&nbsp;<\/strong>con &#8220;grandes concentraciones&#8221; de gente.<\/p>\n\n\n\n<p>El primer ministro franc\u00e9s, Gabriel Attal, anunci\u00f3 el domingo que&nbsp;<strong>Francia elevaba su nivel de alerta por atentado a su m\u00e1ximo,&nbsp;<\/strong>a ra\u00edz de las &#8220;amenazas que pesan&#8221; sobre el pa\u00eds.<\/p>\n\n\n\n<p>Seg\u00fan el grupo SITE de investigaci\u00f3n sobre terrorismo, el EI divulg\u00f3 en sus redes sociales un video aparentemente realizado por los atacantes en el que aparecen ingresando a la sala de conciertos y disparando a las personas.<\/p>\n\n\n\n<p>En las calles de Mosc\u00fa,&nbsp;<strong>algunos no creen demasiado en la implicancia de Ucrania.<\/strong><\/p>\n\n\n\n<p>&#8220;Creo que detr\u00e1s de este acto terrorista est\u00e1n los islamistas extremistas del EI. Ucrania tambi\u00e9n comete actos terroristas, pero&nbsp;<strong>esto concuerda m\u00e1s con lo que hacen los islamistas<\/strong>&#8220;, insisti\u00f3 Vomik Aliev, estudiante de medicina de 22 a\u00f1os.<\/p>\n\n\n\n<p>Sin embargo, para Valeri Chernov, de 52 a\u00f1os, la implicaci\u00f3n de Ucrania y Occidente en el atentado es totalmente cre\u00edble.<\/p>\n\n\n\n<p><strong>&#8220;\u00bfQui\u00e9n est\u00e1 detr\u00e1s? Los enemigos de Rusia y de Putin que buscan desestabilizar al poder.<\/strong>&nbsp;Es realmente posible (que) Ucrania y Occidente&#8221; hayan utilizado al EI, afirm\u00f3.<\/p>\n\n\n\n<p>Otra de las cuestiones pendientes es&nbsp;<strong>la nacionalidad&nbsp;<\/strong>de los autores del atentado.<\/p>\n\n\n\n<p>Seg\u00fan medios rusos y el diputado Alexander Jinstein,&nbsp;algunos de los sospechosos&nbsp;son originarios de&nbsp;<strong>Tayikist\u00e1n,<\/strong>&nbsp;una antigua rep\u00fablica sovi\u00e9tica de Asia central,<strong>&nbsp;lim\u00edtrofe con Afganist\u00e1n.<\/strong><\/p>\n\n\n\n<p>El presidente tayiko, Emomali Rahmon, dijo el domingo a Putin que los autores del atentado<strong>&nbsp;&#8220;no tienen nacionalidad, patria ni religi\u00f3n&#8221;.<\/strong><\/p>\n\n\n\n<p>CLARIN.com<\/p>\n","protected":false},"excerpt":{"rendered":"<p>Los cuatro acusados del ataque a la popular sala de conciertos rusa&nbsp;Crocus City Hall,&nbsp;donde&nbsp;murieron al menos 137 personas,&nbsp;fueron puestos este domingo en prisi\u00f3n preventiva tras declarar a ante un tribunal de la capital rusa.&nbsp;Tres de ellos admitieron su culpabilidad. La Corte del Distrito Basmanny, de Mosc\u00fa, acus\u00f3 formalmente a&nbsp;Dalerdzhon Mirzoyev,&nbsp;de 32 a\u00f1os;&nbsp;Saidakrami Rachabalizoda,&nbsp;de 30;&nbsp;Muhammadsobir Faizov,&nbsp;de [&hellip;]<\/p>\n","protected":false},"author":2,"featured_media":811,"comment_status":"open","ping_status":"open","sticky":false,"template":"","format":"standard","meta":{"footnotes":""},"categories":[25],"tags":[],"class_list":{"0":"post-810","1":"post","2":"type-post","3":"status-publish","4":"format-standard","5":"has-post-thumbnail","7":"category-internacionales"},"aioseo_notices":[],"_links":{"self":[{"href":"https:\/\/lalupa24.com.ar\/index.php\/wp-json\/wp\/v2\/posts\/810","targetHints":{"allow":["GET"]}}],"collection":[{"href":"https:\/\/lalupa24.com.ar\/index.php\/wp-json\/wp\/v2\/posts"}],"about":[{"href":"https:\/\/lalupa24.com.ar\/index.php\/wp-json\/wp\/v2\/types\/post"}],"author":[{"embeddable":true,"href":"https:\/\/lalupa24.com.ar\/index.php\/wp-json\/wp\/v2\/users\/2"}],"replies":[{"embeddable":true,"href":"https:\/\/lalupa24.com.ar\/index.php\/wp-json\/wp\/v2\/comments?post=810"}],"version-history":[{"count":1,"href":"https:\/\/lalupa24.com.ar\/index.php\/wp-json\/wp\/v2\/posts\/810\/revisions"}],"predecessor-version":[{"id":812,"href":"https:\/\/lalupa24.com.ar\/index.php\/wp-json\/wp\/v2\/posts\/810\/revisions\/812"}],"wp:featuredmedia":[{"embeddable":true,"href":"https:\/\/lalupa24.com.ar\/index.php\/wp-json\/wp\/v2\/media\/811"}],"wp:attachment":[{"href":"https:\/\/lalupa24.com.ar\/index.php\/wp-json\/wp\/v2\/media?parent=810"}],"wp:term":[{"taxonomy":"category","embeddable":true,"href":"https:\/\/lalupa24.com.ar\/index.php\/wp-json\/wp\/v2\/categories?post=810"},{"taxonomy":"post_tag","embeddable":true,"href":"https:\/\/lalupa24.com.ar\/index.php\/wp-json\/wp\/v2\/tags?post=810"}],"curies":[{"name":"wp","href":"https:\/\/api.w.org\/{rel}","templated":true}]}}