{"id":8180,"date":"2025-06-08T20:13:49","date_gmt":"2025-06-08T23:13:49","guid":{"rendered":"https:\/\/lalupa24.com.ar\/?p=8180"},"modified":"2025-06-08T20:13:50","modified_gmt":"2025-06-08T23:13:50","slug":"javier-milei-cierra-en-espana-el-madrid-economic-forum-decian-que-era-imposible-pero-hemos-cumplido-todas-las-metas-de-campana","status":"publish","type":"post","link":"https:\/\/lalupa24.com.ar\/index.php\/2025\/06\/08\/javier-milei-cierra-en-espana-el-madrid-economic-forum-decian-que-era-imposible-pero-hemos-cumplido-todas-las-metas-de-campana\/","title":{"rendered":"Javier Milei cierra en Espa\u00f1a el Madrid Economic Forum: \u201cDec\u00edan que era imposible, pero hemos cumplido todas las metas de campa\u00f1a\u201d"},"content":{"rendered":"\n<p>Este fin de semana se ha celebrado en la capital de Espa\u00f1a el\u00a0<em>Madrid Economic Forum<\/em>, un evento que ha unido a diferentes ponentes y figuras\u00a0del \u00e1mbito econ\u00f3mico y pol\u00edtico\u00a0de ideolog\u00eda liberal, en el que ha estado presente\u00a0<em>Infobae Espa\u00f1a<\/em>. Como ponencia final, el presidente de Argentina,\u00a0<strong>Javier Milei<\/strong>, ha hablado sobre sus pol\u00edticas y medidas que ha llevado a cabo en Argentina.<\/p>\n","protected":false},"excerpt":{"rendered":"<p>Este fin de semana se ha celebrado en la capital de Espa\u00f1a el\u00a0Madrid Economic Forum, un evento que ha unido a diferentes ponentes y figuras\u00a0del \u00e1mbito econ\u00f3mico y pol\u00edtico\u00a0de ideolog\u00eda liberal, en el que ha estado presente\u00a0Infobae Espa\u00f1a. Como ponencia final, el presidente de Argentina,\u00a0Javier Milei, ha hablado sobre sus pol\u00edticas y medidas que ha [&hellip;]<\/p>\n","protected":false},"author":2,"featured_media":8181,"comment_status":"open","ping_status":"open","sticky":false,"template":"","format":"standard","meta":{"footnotes":""},"categories":[26],"tags":[],"class_list":{"0":"post-8180","1":"post","2":"type-post","3":"status-publish","4":"format-standard","5":"has-post-thumbnail","7":"category-nacionales"},"aioseo_notices":[],"_links":{"self":[{"href":"https:\/\/lalupa24.com.ar\/index.php\/wp-json\/wp\/v2\/posts\/8180","targetHints":{"allow":["GET"]}}],"collection":[{"href":"https:\/\/lalupa24.com.ar\/index.php\/wp-json\/wp\/v2\/posts"}],"about":[{"href":"https:\/\/lalupa24.com.ar\/index.php\/wp-json\/wp\/v2\/types\/post"}],"author":[{"embeddable":true,"href":"https:\/\/lalupa24.com.ar\/index.php\/wp-json\/wp\/v2\/users\/2"}],"replies":[{"embeddable":true,"href":"https:\/\/lalupa24.com.ar\/index.php\/wp-json\/wp\/v2\/comments?post=8180"}],"version-history":[{"count":1,"href":"https:\/\/lalupa24.com.ar\/index.php\/wp-json\/wp\/v2\/posts\/8180\/revisions"}],"predecessor-version":[{"id":8182,"href":"https:\/\/lalupa24.com.ar\/index.php\/wp-json\/wp\/v2\/posts\/8180\/revisions\/8182"}],"wp:featuredmedia":[{"embeddable":true,"href":"https:\/\/lalupa24.com.ar\/index.php\/wp-json\/wp\/v2\/media\/8181"}],"wp:attachment":[{"href":"https:\/\/lalupa24.com.ar\/index.php\/wp-json\/wp\/v2\/media?parent=8180"}],"wp:term":[{"taxonomy":"category","embeddable":true,"href":"https:\/\/lalupa24.com.ar\/index.php\/wp-json\/wp\/v2\/categories?post=8180"},{"taxonomy":"post_tag","embeddable":true,"href":"https:\/\/lalupa24.com.ar\/index.php\/wp-json\/wp\/v2\/tags?post=8180"}],"curies":[{"name":"wp","href":"https:\/\/api.w.org\/{rel}","templated":true}]}}