{"id":8192,"date":"2025-06-08T20:16:46","date_gmt":"2025-06-08T23:16:46","guid":{"rendered":"https:\/\/lalupa24.com.ar\/?p=8192"},"modified":"2025-06-08T20:16:47","modified_gmt":"2025-06-08T23:16:47","slug":"caso-thiago-correa-imputaron-al-policia-por-homicidio-con-dolo-eventual","status":"publish","type":"post","link":"https:\/\/lalupa24.com.ar\/index.php\/2025\/06\/08\/caso-thiago-correa-imputaron-al-policia-por-homicidio-con-dolo-eventual\/","title":{"rendered":"Caso Thiago Correa: imputaron al polic\u00eda por homicidio con dolo eventual"},"content":{"rendered":"\n<p>La fiscal\u00eda de Homicidios de La Matanza imput\u00f3 este domingo al polic\u00eda\u00a0<strong>Facundo Aguilar Fajardo<\/strong>\u00a0por el homicidio con dolo eventual de\u00a0<em><strong>Thiago Correa<\/strong><\/em>, el nene de 7 a\u00f1os que recibi\u00f3 un balazo en la cabeza cuando el efectivo intentaba repeler un robo del que era v\u00edctima junto a su mam\u00e1 en Ciudad Evita, en el partido de La Matanza.<\/p>\n","protected":false},"excerpt":{"rendered":"<p>La fiscal\u00eda de Homicidios de La Matanza imput\u00f3 este domingo al polic\u00eda\u00a0Facundo Aguilar Fajardo\u00a0por el homicidio con dolo eventual de\u00a0Thiago Correa, el nene de 7 a\u00f1os que recibi\u00f3 un balazo en la cabeza cuando el efectivo intentaba repeler un robo del que era v\u00edctima junto a su mam\u00e1 en Ciudad Evita, en el partido de [&hellip;]<\/p>\n","protected":false},"author":2,"featured_media":8193,"comment_status":"open","ping_status":"open","sticky":false,"template":"","format":"standard","meta":{"footnotes":""},"categories":[155],"tags":[],"class_list":{"0":"post-8192","1":"post","2":"type-post","3":"status-publish","4":"format-standard","5":"has-post-thumbnail","7":"category-policiales"},"aioseo_notices":[],"_links":{"self":[{"href":"https:\/\/lalupa24.com.ar\/index.php\/wp-json\/wp\/v2\/posts\/8192","targetHints":{"allow":["GET"]}}],"collection":[{"href":"https:\/\/lalupa24.com.ar\/index.php\/wp-json\/wp\/v2\/posts"}],"about":[{"href":"https:\/\/lalupa24.com.ar\/index.php\/wp-json\/wp\/v2\/types\/post"}],"author":[{"embeddable":true,"href":"https:\/\/lalupa24.com.ar\/index.php\/wp-json\/wp\/v2\/users\/2"}],"replies":[{"embeddable":true,"href":"https:\/\/lalupa24.com.ar\/index.php\/wp-json\/wp\/v2\/comments?post=8192"}],"version-history":[{"count":1,"href":"https:\/\/lalupa24.com.ar\/index.php\/wp-json\/wp\/v2\/posts\/8192\/revisions"}],"predecessor-version":[{"id":8194,"href":"https:\/\/lalupa24.com.ar\/index.php\/wp-json\/wp\/v2\/posts\/8192\/revisions\/8194"}],"wp:featuredmedia":[{"embeddable":true,"href":"https:\/\/lalupa24.com.ar\/index.php\/wp-json\/wp\/v2\/media\/8193"}],"wp:attachment":[{"href":"https:\/\/lalupa24.com.ar\/index.php\/wp-json\/wp\/v2\/media?parent=8192"}],"wp:term":[{"taxonomy":"category","embeddable":true,"href":"https:\/\/lalupa24.com.ar\/index.php\/wp-json\/wp\/v2\/categories?post=8192"},{"taxonomy":"post_tag","embeddable":true,"href":"https:\/\/lalupa24.com.ar\/index.php\/wp-json\/wp\/v2\/tags?post=8192"}],"curies":[{"name":"wp","href":"https:\/\/api.w.org\/{rel}","templated":true}]}}