{"id":821,"date":"2024-03-29T13:18:31","date_gmt":"2024-03-29T16:18:31","guid":{"rendered":"https:\/\/lalupa24.com.ar\/?p=821"},"modified":"2024-03-29T13:18:32","modified_gmt":"2024-03-29T16:18:32","slug":"tiempo-pascual-un-camino-de-fraternidad-y-humanismo-el-nuevo-mundo","status":"publish","type":"post","link":"https:\/\/lalupa24.com.ar\/index.php\/2024\/03\/29\/tiempo-pascual-un-camino-de-fraternidad-y-humanismo-el-nuevo-mundo\/","title":{"rendered":"Tiempo pascual: Un camino de fraternidad y humanismo el nuevo mundo"},"content":{"rendered":"\n<p><em>Por Germ\u00e1n Oestmann<\/em><\/p>\n\n\n\n<p>La llegada de Semana Santa representa para los cristianos una de las fechas m\u00e1s significativas del calendario lit\u00fargico, ya que significa entre otras cosas el triunfo de la vida sobre la muerte. La fortaleza de esta celebraci\u00f3n radica en la posibilidad de encontrarnos como sociedad, mucho m\u00e1s all\u00e1 de las diferencias y particularidades, para encontrar un sentido de pertenencia que nos permita forjar el rumbo de una nueva humanidad.<\/p>\n\n\n\n<p>Los tambores de guerra que se escuchan en los diversos confines del mundo deben dar paso a la transmisi\u00f3n de valores que propaguen los grandes principios de la Libertad, la Igualdad y la Fraternidad poniendo principal atenci\u00f3n en el cuidado y protecci\u00f3n de la casa com\u00fan ,teniendo en cuenta los conceptos e ideas del Papa Francisco en su enc\u00edclica Laudato S\u00ed. Poner al hombre y a la mujer en el centro de la escena representa un intento emancipatorio de parte de la comunidad global para salir definitivamente del c\u00edrculo perverso y estrecho que solo nos a\u00edsla en una cultura del descarte que tiende a perpetuar las l\u00f3gicas financieras y especulativas, olvidando la productividad, la promoci\u00f3n del trabajo digno, la protecci\u00f3n a los migrantes , el respeto al medio ambiente , la protecci\u00f3n de los derechos humanos y la defensa irrestricta de la paz para terminar con los conflictos b\u00e9licos que azotan a la humanidad.<\/p>\n\n\n\n<p>Es importante recordar que la palabra Pascua proviene del hebreo p\u00e9saj, que significa \u201cfestejar el camino o tr\u00e1nsito hacia una transformaci\u00f3n\u201d. Nuestra forma de vivir Semana Santa nos permite expresar emociones, exaltar sentimientos , gozar de lo est\u00e9tico y sin duda, lo m\u00e1s importante, constituir una gran manifestaci\u00f3n de religiosidad popular.<\/p>\n\n\n\n<p>Para rescatar la tradici\u00f3n hist\u00f3rica debemos mencionar al Concilio de Nicea quien en el a\u00f1o 325 fij\u00f3 la fecha de celebraci\u00f3n de la Pascua para todo el \u00e1mbito cat\u00f3lico occidental. A partir de aquel momento , y bas\u00e1ndose siempre en el relato evang\u00e9lico , cada pa\u00eds ha ido construyendo un conjunto propio de celebraciones.<\/p>\n\n\n\n<p>Los primeros en conmemorar la Semana Santa fueron los jud\u00edos seguidores de Cristo, es decir los primeros cristianos. Luego lo hicieron los propios romanos cristianizados , cuyos registros m\u00e1s antiguos al respecto datan del siglo IV. No obstante , a medida que el cristianismo se expandi\u00f3 por el mundo , la manera en la que esta \u201c Semana Mayor\u201d se celebraba fue mezcl\u00e1ndose con muchas tradiciones paganas que, en su mayor\u00eda, tambi\u00e9n ten\u00edan que ver con la celebraci\u00f3n de la primavera. En esta ocasi\u00f3n tenemos la oportunidad de demostrar a la humanidad nuestra fe absoluta en la creaci\u00f3n y consolidaci\u00f3n de un nuevo mundo en donde la justicia, la paz , la libertad y la lucha por una planeta sustentable se conviertan en el sentido de nuestras vidas. La comunidad internacional y los diversos organismos multilaterales deber\u00edan tomar nota de situaciones cr\u00edticas que ponen en peligro los cimientos b\u00e1sicos de la globalizaci\u00f3n .<\/p>\n\n\n\n<p>Unamos nuestros esfuerzos para solucionar de manera democr\u00e1tica y pac\u00edfica los conflictos que est\u00e1n presentes en el desenfreno armament\u00edstico que ha llevado a la poblaci\u00f3n mundial al borde del desequilibrio institucional. Debemos pedir por la paz entre Israel y Palestina, el fin de los conflictos en el L\u00edbano y la condena a toda invasi\u00f3n y ataque contra la integridad territorial en Europa del Este teniendo en cuenta la intervenci\u00f3n Rusa en Ucrania.<\/p>\n\n\n\n<p>Desde Uncaus siempre hemos estado comprometidos en la formaci\u00f3n de una nueva conciencia en nuestros j\u00f3venes para alcanzar una sociedad justa e igualitaria en donde imperen los valores democr\u00e1ticos y el respeto a los principios republicanos. En esta etapa Pascual tenemos la oportunidad de renovar nuestros votos para que la entrega de Jes\u00fas de Nazareth adquiera elprotagonismo necesario en la construcci\u00f3n de un nuevo mundo en donde se pueda desterrar definitivamente el ego\u00edsmo y la indiferencia social.<\/p>\n\n\n\n<p>Debemos apresurarnos juntos para crear un camino de confianza rec\u00edproca. Confianza entre las personas, entre los pueblos y las naciones. En este sentido, debemos dejarnos sorprender por el bienaventurado anuncio de la Pascua dejando de lado los discursos negacioncitas y sectarios.<\/p>\n\n\n\n<p>Debemos apresurarnos a superar los conflictos y divisiones para recorrer senderos de paz y fraternidad. Esta es la oportunidad para que luego de largos a\u00f1os de oscuridad y abatimiento, la humanidad pueda ingresar en una era de progreso y crecimiento sustentable.<\/p>\n\n\n\n<p>Esperamos que durante estas Pascuas las familias del Norte Grande y de nuestra Argentina profunda puedan encontrarse para caminar juntos en un horizonte de grandeza y bienestar. Celebremos unas Santas Pascuas y sigamos luchando con alegr\u00eda en la b\u00fasqueda del nuevo mundo que ha sido prometido por el Salvador para nuestra redenci\u00f3n social y espiritual.<\/p>\n","protected":false},"excerpt":{"rendered":"<p>Por Germ\u00e1n Oestmann La llegada de Semana Santa representa para los cristianos una de las fechas m\u00e1s significativas del calendario lit\u00fargico, ya que significa entre otras cosas el triunfo de la vida sobre la muerte. La fortaleza de esta celebraci\u00f3n radica en la posibilidad de encontrarnos como sociedad, mucho m\u00e1s all\u00e1 de las diferencias y [&hellip;]<\/p>\n","protected":false},"author":2,"featured_media":521,"comment_status":"open","ping_status":"open","sticky":false,"template":"","format":"standard","meta":{"footnotes":""},"categories":[28],"tags":[],"class_list":{"0":"post-821","1":"post","2":"type-post","3":"status-publish","4":"format-standard","5":"has-post-thumbnail","7":"category-locales"},"aioseo_notices":[],"_links":{"self":[{"href":"https:\/\/lalupa24.com.ar\/index.php\/wp-json\/wp\/v2\/posts\/821","targetHints":{"allow":["GET"]}}],"collection":[{"href":"https:\/\/lalupa24.com.ar\/index.php\/wp-json\/wp\/v2\/posts"}],"about":[{"href":"https:\/\/lalupa24.com.ar\/index.php\/wp-json\/wp\/v2\/types\/post"}],"author":[{"embeddable":true,"href":"https:\/\/lalupa24.com.ar\/index.php\/wp-json\/wp\/v2\/users\/2"}],"replies":[{"embeddable":true,"href":"https:\/\/lalupa24.com.ar\/index.php\/wp-json\/wp\/v2\/comments?post=821"}],"version-history":[{"count":1,"href":"https:\/\/lalupa24.com.ar\/index.php\/wp-json\/wp\/v2\/posts\/821\/revisions"}],"predecessor-version":[{"id":822,"href":"https:\/\/lalupa24.com.ar\/index.php\/wp-json\/wp\/v2\/posts\/821\/revisions\/822"}],"wp:featuredmedia":[{"embeddable":true,"href":"https:\/\/lalupa24.com.ar\/index.php\/wp-json\/wp\/v2\/media\/521"}],"wp:attachment":[{"href":"https:\/\/lalupa24.com.ar\/index.php\/wp-json\/wp\/v2\/media?parent=821"}],"wp:term":[{"taxonomy":"category","embeddable":true,"href":"https:\/\/lalupa24.com.ar\/index.php\/wp-json\/wp\/v2\/categories?post=821"},{"taxonomy":"post_tag","embeddable":true,"href":"https:\/\/lalupa24.com.ar\/index.php\/wp-json\/wp\/v2\/tags?post=821"}],"curies":[{"name":"wp","href":"https:\/\/api.w.org\/{rel}","templated":true}]}}