{"id":8216,"date":"2025-06-09T09:10:40","date_gmt":"2025-06-09T12:10:40","guid":{"rendered":"https:\/\/lalupa24.com.ar\/?p=8216"},"modified":"2025-06-09T09:10:42","modified_gmt":"2025-06-09T12:10:42","slug":"consumos-problematicos-puso-fin-a-la-bnada-del-delfin-cayeron-otros-tres-implicados","status":"publish","type":"post","link":"https:\/\/lalupa24.com.ar\/index.php\/2025\/06\/09\/consumos-problematicos-puso-fin-a-la-bnada-del-delfin-cayeron-otros-tres-implicados\/","title":{"rendered":"Consumos problematicos puso fin a la &#8220;Bnada del delf\u00edn&#8221; cayeron otros tres implicados"},"content":{"rendered":"\n<p>M\u00e1s de un a\u00f1o y medio llevo la tarea paciente del personal de Consumos Problem\u00e1ticos para poner tras las rejas a todos los integrantes de esta agrupaci\u00f3n narco criminal, que durante a\u00f1os anteriores logro establecer sus negocios en distintos puntos de la ciudad, siendo parte \u201cNina\u201d y \u201cLa Mona\u201d L\u00f3pez, partes del clan familiar dedicado a la venta de drogas.<\/p>\n\n\n\n<p>Esto no se hubiera podido llevar a cabo, sin el apoyo del Gobernador de la Provincia Leandro Zdero, del Ministro de Seguridad, Dr. Hugo Matkovich y de la c\u00fapula policial, quienes estuvieron al tanto de todos los movimientos y avances que el personal antinarc\u00f3ticos lograba a diario. El mensaje es fuerte y claro para todos \u201clos que pretendan delinquir en nuestra provincia, no se les dar\u00e1 tregua, tarde o temprano, terminaran tras las rejas\u201d.<\/p>\n\n\n\n<p>El desbande y aprehensi\u00f3n de los involucrados se inici\u00f3 all\u00e1 por el 4 de marzo del 2024, cuando una pareja que viajaba con su hija de 5 a\u00f1os, fueron demorados en avenida Sabin; en el Chevrolet Onix en el que viajaban, hallaron m\u00e1s de 17 kilos de coca\u00edna, que estaban acondicionados y escondidos en el chasis del veh\u00edculo.<\/p>\n\n\n\n<p>Esta primera detenci\u00f3n, permiti\u00f3 conocer el entramado y armado de la organizaci\u00f3n, cuantos eran, de d\u00f3nde proven\u00eda la mercanc\u00eda identificada con el sello de un \u201cDelf\u00edn\u201d.<\/p>\n\n\n\n<p>Los primeros datos obtenidos, se\u00f1alaban que la droga proven\u00eda de Bolivia y que para pasarla por Salta, utilizaban autom\u00f3viles que eran desguazados para acopiar el estupefaciente y luego, vueltos a armar. Pero esto era solamente una manera de traficar, cuando no se pod\u00eda con los autos sol\u00edan hacerlo a trav\u00e9s de \u201cmulas\u201d humanas, que viajaban a la provincia norte\u00f1a y luego regresaban con los narc\u00f3ticos, adosados a sus cuerpos, tal es el caso reciente de dos mujeres que fueron atrapadas con m\u00e1s de 8 kilos en el Puesto Caminero de Makall\u00e9.<\/p>\n\n\n\n<p>Una de las integrantes de esta organizaci\u00f3n pertenecia a un movimiento social, quien fuera detenida junto a su hija, cuando regresaban a Resistencia el 21 de agosto del a\u00f1o pasado. En su Ford Ka, trasladaba seis kilos de coca\u00edna, que curiosamente ten\u00eda el sello del \u201cDelf\u00edn\u201d.<\/p>\n\n\n\n<p>Es as\u00ed que en la jornada de hoy y para finalizar con esta banda narco trasnacional, se realizaron varios allanamientos simult\u00e1neos en los que se logr\u00f3 detener a otros tres integrantes, contabilizando un total de 9 aprehendidos en lo que va de la investigaci\u00f3n, siendo 6 mujeres y tres hombres.<\/p>\n\n\n\n<p>Incautaron cuatro veh\u00edculos y m\u00e1s de 35 kilos de coca\u00edna valuada en $350.000.000.<\/p>\n\n\n\n<p>Los allanamientos de hoy<br>Las \u00faltimas pesquisas realizadas, marcaban seis domicilios que guardaban relaci\u00f3n con la causa investigada en los que se presum\u00eda se encontraban parte de la banda que faltaba atrapar.<\/p>\n\n\n\n<p>Es as\u00ed que, desde las 05 de la madrugada varias unidades de la Direcci\u00f3n General de Consumos Problem\u00e1ticos y otras unidades operativas, se dividieron para cumplir con las diligencias judiciales en Puerto Vilelas, avenida Mac Lean casi Bogot\u00e1, en Colonia Popular y en los barrios Carpincho Macho y Villa Federal.<\/p>\n\n\n\n<p>En la localidad portuaria detuvieron a dos mujeres, una de 59 y otra de 36 a\u00f1os. Se incaut\u00f3 dinero en efectivo (D\u00f3lares y Pesos), adem\u00e1s de 1.2 gramos de coca\u00edna y dos tel\u00e9fonos celulares.<\/p>\n\n\n\n<p>En la siguiente morada, hallaron un cuaderno con documentaciones varias a nombre de la ciudadana de 36 a\u00f1os, alias \u201cLa Mona\u201d.<\/p>\n\n\n\n<p>En Colonia Popular, incautaron un veh\u00edculo Renault Sandero, color rojo y una cedula de una camioneta Amarok, que fuera incautada en Villa Federal durante los allanamientos y su titular tiene domicilio en Corrientes Capital, como asimismo documentaci\u00f3n de adquisici\u00f3n de otros veh\u00edculos e inmuebles.<br>En car\u00e1cter de secuestro impostergable, se incaut\u00f3 un aire comprimido calibre 5.5.<br>En este domicilio fue detenido un ciudadano de 40 a\u00f1os apodado \u201cNina\u201d.<\/p>\n\n\n\n<p>Un DVR y dos c\u00e1maras de vigilancia fueron secuestrados en la casa del Barrio Carpincho Macho.<\/p>\n\n\n\n<p>Interviene el Juzgado Federal de 1ra Instancia N\u00ba 2 a cargo del Dr. Ricardo Alcides Mianovich, Sec. Penal y Correccional N\u00ba 1 a cargo del Dr. Martin Miguel Inocente.<\/p>\n","protected":false},"excerpt":{"rendered":"<p>M\u00e1s de un a\u00f1o y medio llevo la tarea paciente del personal de Consumos Problem\u00e1ticos para poner tras las rejas a todos los integrantes de esta agrupaci\u00f3n narco criminal, que durante a\u00f1os anteriores logro establecer sus negocios en distintos puntos de la ciudad, siendo parte \u201cNina\u201d y \u201cLa Mona\u201d L\u00f3pez, partes del clan familiar dedicado [&hellip;]<\/p>\n","protected":false},"author":2,"featured_media":8217,"comment_status":"open","ping_status":"open","sticky":false,"template":"","format":"standard","meta":{"footnotes":""},"categories":[28,155],"tags":[],"class_list":{"0":"post-8216","1":"post","2":"type-post","3":"status-publish","4":"format-standard","5":"has-post-thumbnail","7":"category-locales","8":"category-policiales"},"aioseo_notices":[],"_links":{"self":[{"href":"https:\/\/lalupa24.com.ar\/index.php\/wp-json\/wp\/v2\/posts\/8216","targetHints":{"allow":["GET"]}}],"collection":[{"href":"https:\/\/lalupa24.com.ar\/index.php\/wp-json\/wp\/v2\/posts"}],"about":[{"href":"https:\/\/lalupa24.com.ar\/index.php\/wp-json\/wp\/v2\/types\/post"}],"author":[{"embeddable":true,"href":"https:\/\/lalupa24.com.ar\/index.php\/wp-json\/wp\/v2\/users\/2"}],"replies":[{"embeddable":true,"href":"https:\/\/lalupa24.com.ar\/index.php\/wp-json\/wp\/v2\/comments?post=8216"}],"version-history":[{"count":1,"href":"https:\/\/lalupa24.com.ar\/index.php\/wp-json\/wp\/v2\/posts\/8216\/revisions"}],"predecessor-version":[{"id":8218,"href":"https:\/\/lalupa24.com.ar\/index.php\/wp-json\/wp\/v2\/posts\/8216\/revisions\/8218"}],"wp:featuredmedia":[{"embeddable":true,"href":"https:\/\/lalupa24.com.ar\/index.php\/wp-json\/wp\/v2\/media\/8217"}],"wp:attachment":[{"href":"https:\/\/lalupa24.com.ar\/index.php\/wp-json\/wp\/v2\/media?parent=8216"}],"wp:term":[{"taxonomy":"category","embeddable":true,"href":"https:\/\/lalupa24.com.ar\/index.php\/wp-json\/wp\/v2\/categories?post=8216"},{"taxonomy":"post_tag","embeddable":true,"href":"https:\/\/lalupa24.com.ar\/index.php\/wp-json\/wp\/v2\/tags?post=8216"}],"curies":[{"name":"wp","href":"https:\/\/api.w.org\/{rel}","templated":true}]}}