{"id":8254,"date":"2025-06-10T11:19:16","date_gmt":"2025-06-10T14:19:16","guid":{"rendered":"https:\/\/lalupa24.com.ar\/?p=8254"},"modified":"2025-06-10T11:19:18","modified_gmt":"2025-06-10T14:19:18","slug":"expectativa-por-la-decision-de-la-corte-suprema-sobre-la-causa-vialidad-cristina-kirchner-llego-a-la-sede-del-pj","status":"publish","type":"post","link":"https:\/\/lalupa24.com.ar\/index.php\/2025\/06\/10\/expectativa-por-la-decision-de-la-corte-suprema-sobre-la-causa-vialidad-cristina-kirchner-llego-a-la-sede-del-pj\/","title":{"rendered":"Expectativa por la decisi\u00f3n de la Corte Suprema sobre la causa Vialidad: Cristina Kirchner lleg\u00f3 a la sede del PJ"},"content":{"rendered":"\n<p>La ex presidenta Cristina Kirchner encabeza una reuni\u00f3n en la sede del Partido Justicialista (PJ) en un clima de gran expectativa y tensi\u00f3n, debido a la inminente decisi\u00f3n de la Corte Suprema en la causa Vialidad.<sup><\/sup> Se espera que el m\u00e1ximo tribunal confirme la condena de seis a\u00f1os de prisi\u00f3n e inhabilitaci\u00f3n para ejercer cargos p\u00fablicos para la ex mandataria, ya que los tres jueces (Horacio Rosatti, Carlos Rosenkrantz y Ricardo Lorenzetti) tendr\u00edan decidido rechazar sus planteos.<\/p>\n\n\n\n<p>La situaci\u00f3n genera un fuerte impacto pol\u00edtico, especialmente porque Cristina Kirchner anunci\u00f3 su intenci\u00f3n de ser candidata a diputada provincial por la Tercera Secci\u00f3n Electoral.<sup><\/sup> Distintos sectores del peronismo, incluyendo legisladores de Uni\u00f3n por la Patria y gremios como SMATA, se est\u00e1n reuniendo y manifestando su apoyo a la ex presidenta, criticando lo que consideran una &#8220;proscripci\u00f3n&#8221; y un &#8220;golpe a la democracia&#8221; por parte de la Corte Suprema.<sup><\/sup> Paralelamente, se desarrolla una reuni\u00f3n de Gabinete en Casa Rosada sin la presencia de Javier ni Karina Milei, mientras el escenario pol\u00edtico bonaerense muestra tensiones entre el peronismo y un incipiente acuerdo entre La Libertad Avanza y el PRO.<\/p>\n","protected":false},"excerpt":{"rendered":"<p>La ex presidenta Cristina Kirchner encabeza una reuni\u00f3n en la sede del Partido Justicialista (PJ) en un clima de gran expectativa y tensi\u00f3n, debido a la inminente decisi\u00f3n de la Corte Suprema en la causa Vialidad. Se espera que el m\u00e1ximo tribunal confirme la condena de seis a\u00f1os de prisi\u00f3n e inhabilitaci\u00f3n para ejercer cargos [&hellip;]<\/p>\n","protected":false},"author":2,"featured_media":8255,"comment_status":"open","ping_status":"open","sticky":false,"template":"","format":"standard","meta":{"footnotes":""},"categories":[26],"tags":[],"class_list":{"0":"post-8254","1":"post","2":"type-post","3":"status-publish","4":"format-standard","5":"has-post-thumbnail","7":"category-nacionales"},"aioseo_notices":[],"_links":{"self":[{"href":"https:\/\/lalupa24.com.ar\/index.php\/wp-json\/wp\/v2\/posts\/8254","targetHints":{"allow":["GET"]}}],"collection":[{"href":"https:\/\/lalupa24.com.ar\/index.php\/wp-json\/wp\/v2\/posts"}],"about":[{"href":"https:\/\/lalupa24.com.ar\/index.php\/wp-json\/wp\/v2\/types\/post"}],"author":[{"embeddable":true,"href":"https:\/\/lalupa24.com.ar\/index.php\/wp-json\/wp\/v2\/users\/2"}],"replies":[{"embeddable":true,"href":"https:\/\/lalupa24.com.ar\/index.php\/wp-json\/wp\/v2\/comments?post=8254"}],"version-history":[{"count":1,"href":"https:\/\/lalupa24.com.ar\/index.php\/wp-json\/wp\/v2\/posts\/8254\/revisions"}],"predecessor-version":[{"id":8256,"href":"https:\/\/lalupa24.com.ar\/index.php\/wp-json\/wp\/v2\/posts\/8254\/revisions\/8256"}],"wp:featuredmedia":[{"embeddable":true,"href":"https:\/\/lalupa24.com.ar\/index.php\/wp-json\/wp\/v2\/media\/8255"}],"wp:attachment":[{"href":"https:\/\/lalupa24.com.ar\/index.php\/wp-json\/wp\/v2\/media?parent=8254"}],"wp:term":[{"taxonomy":"category","embeddable":true,"href":"https:\/\/lalupa24.com.ar\/index.php\/wp-json\/wp\/v2\/categories?post=8254"},{"taxonomy":"post_tag","embeddable":true,"href":"https:\/\/lalupa24.com.ar\/index.php\/wp-json\/wp\/v2\/tags?post=8254"}],"curies":[{"name":"wp","href":"https:\/\/api.w.org\/{rel}","templated":true}]}}