{"id":8257,"date":"2025-06-10T11:21:15","date_gmt":"2025-06-10T14:21:15","guid":{"rendered":"https:\/\/lalupa24.com.ar\/?p=8257"},"modified":"2025-06-10T11:21:17","modified_gmt":"2025-06-10T14:21:17","slug":"el-esperanzador-mensaje-de-franco-colapinto-de-cara-al-gran-premio-de-canada-podemos-ver-el-potencial-del-coche","status":"publish","type":"post","link":"https:\/\/lalupa24.com.ar\/index.php\/2025\/06\/10\/el-esperanzador-mensaje-de-franco-colapinto-de-cara-al-gran-premio-de-canada-podemos-ver-el-potencial-del-coche\/","title":{"rendered":"El esperanzador mensaje de Franco Colapinto de cara al Gran Premio de Canad\u00e1: \u201cPodemos ver el potencial del coche\u201d"},"content":{"rendered":"\n<h2 class=\"wp-block-heading\">El piloto argentino Franco Colapinto se prepara para su cuarta carrera en la F\u00f3rmula 1 con Alpine, el Gran Premio de Canad\u00e1, destacando la importancia de esta nueva experiencia en el circuito Gilles-Villeneuve, donde nunca ha corrido. A pesar de los altibajos del equipo en las \u00faltimas carreras, Colapinto se muestra optimista sobre el potencial del coche y ha estado trabajando en el simulador para familiarizarse con la pista.<\/h2>\n\n\n\n<p>Colapinto enfrenta un triple desaf\u00edo: adaptarse a la escuder\u00eda, correr por primera vez en Montreal y la posibilidad de lluvia durante el fin de semana. Su objetivo es completar un fin de semana s\u00f3lido y sumar puntos para Alpine, que actualmente se encuentra \u00faltimo en el Campeonato de Constructores. A pesar de los resultados previos de Colapinto (16\u00ba en Imola, 13\u00ba en M\u00f3naco y 15\u00ba en Barcelona), el jefe de Alpine, Flavio Briatore, ha expresado su respaldo al argentino y a su compa\u00f1ero Pierre Gasly, reconociendo la responsabilidad del equipo de proporcionar un mejor coche. Gasly tambi\u00e9n enfatiz\u00f3 el trabajo colectivo y la dificultad del circuito canadiense. El Gran Premio de Canad\u00e1 se disputar\u00e1 este domingo a las 15:00 (hora argentina).<\/p>\n","protected":false},"excerpt":{"rendered":"<p>El piloto argentino Franco Colapinto se prepara para su cuarta carrera en la F\u00f3rmula 1 con Alpine, el Gran Premio de Canad\u00e1, destacando la importancia de esta nueva experiencia en el circuito Gilles-Villeneuve, donde nunca ha corrido. A pesar de los altibajos del equipo en las \u00faltimas carreras, Colapinto se muestra optimista sobre el potencial [&hellip;]<\/p>\n","protected":false},"author":2,"featured_media":8258,"comment_status":"open","ping_status":"open","sticky":false,"template":"","format":"standard","meta":{"footnotes":""},"categories":[100],"tags":[],"class_list":{"0":"post-8257","1":"post","2":"type-post","3":"status-publish","4":"format-standard","5":"has-post-thumbnail","7":"category-deportes"},"aioseo_notices":[],"_links":{"self":[{"href":"https:\/\/lalupa24.com.ar\/index.php\/wp-json\/wp\/v2\/posts\/8257","targetHints":{"allow":["GET"]}}],"collection":[{"href":"https:\/\/lalupa24.com.ar\/index.php\/wp-json\/wp\/v2\/posts"}],"about":[{"href":"https:\/\/lalupa24.com.ar\/index.php\/wp-json\/wp\/v2\/types\/post"}],"author":[{"embeddable":true,"href":"https:\/\/lalupa24.com.ar\/index.php\/wp-json\/wp\/v2\/users\/2"}],"replies":[{"embeddable":true,"href":"https:\/\/lalupa24.com.ar\/index.php\/wp-json\/wp\/v2\/comments?post=8257"}],"version-history":[{"count":1,"href":"https:\/\/lalupa24.com.ar\/index.php\/wp-json\/wp\/v2\/posts\/8257\/revisions"}],"predecessor-version":[{"id":8259,"href":"https:\/\/lalupa24.com.ar\/index.php\/wp-json\/wp\/v2\/posts\/8257\/revisions\/8259"}],"wp:featuredmedia":[{"embeddable":true,"href":"https:\/\/lalupa24.com.ar\/index.php\/wp-json\/wp\/v2\/media\/8258"}],"wp:attachment":[{"href":"https:\/\/lalupa24.com.ar\/index.php\/wp-json\/wp\/v2\/media?parent=8257"}],"wp:term":[{"taxonomy":"category","embeddable":true,"href":"https:\/\/lalupa24.com.ar\/index.php\/wp-json\/wp\/v2\/categories?post=8257"},{"taxonomy":"post_tag","embeddable":true,"href":"https:\/\/lalupa24.com.ar\/index.php\/wp-json\/wp\/v2\/tags?post=8257"}],"curies":[{"name":"wp","href":"https:\/\/api.w.org\/{rel}","templated":true}]}}