{"id":826,"date":"2024-03-30T11:11:04","date_gmt":"2024-03-30T14:11:04","guid":{"rendered":"https:\/\/lalupa24.com.ar\/?p=826"},"modified":"2024-03-30T11:16:04","modified_gmt":"2024-03-30T14:16:04","slug":"cierran-los-parques-provinciales-pampa-del-indio-loro-hablador-fuerte-esperanza","status":"publish","type":"post","link":"https:\/\/lalupa24.com.ar\/index.php\/2024\/03\/30\/cierran-los-parques-provinciales-pampa-del-indio-loro-hablador-fuerte-esperanza\/","title":{"rendered":"Cierran los parques\u00a0 provinciales Pampa del Indio, Loro Hablador, Fuerte Esperanza"},"content":{"rendered":"\n<p> <p class=\"MsoNormal\"><span lang=\"ES-AR\" style=\"font-size:12.0pt;line-height:115%\">Desde el 26 de Marzo todos los \u00a0parques provinciales y reservas naturales de la provincia ser\u00e1n cerrados para la visita del p\u00fablico.<\/span><\/p> <p class=\"MsoNormal\"><span lang=\"ES-AR\" style=\"font-size:12.0pt;line-height:115%\">Seg\u00fan el memor\u00e1ndum \u00a0045\/24 del d\u00eda\u00a0 26 de marzo\u00a0 el Subsecretario de Ambiente Mariano Moro decidi\u00f3 suspender ingreso a los parques\u00a0 Pampa del Indio. Loro Hablador y Fuerte Esperanza\u00a0 manifestando que no est\u00e1n en condiciones de seguridad ni salubridad para su visita. <\/span><\/p> <p class=\"MsoNormal\"><span lang=\"ES-AR\" style=\"font-size:12.0pt;line-height:115%\">El mantenimiento de los parques provinciales se encuentran dentro del presupuesto provincial teniendo en cuenta la importancia ambiental como tur\u00edstica de dichas reservas ya que las mismas albergan especies\u00a0 protegidas por ley nacional y provincial.<\/span><\/p> <p class=\"MsoNormal\"><span lang=\"ES-AR\" style=\"font-size:12.0pt;line-height:115%\">En la restructuraci\u00f3n del estado la actual gesti\u00f3n \u00a0disminuyo los ministerios en nueve y el Ministerio de Ambiente y Desarrollo Territorial Sostenible desapareci\u00f3, pero la tem\u00e1tica fue parcialmente absorbida por el Ministerio de la Producci\u00f3n y el Desarrollo Econ\u00f3mico Sostenible de donde depende hoy el mantenimiento de los parques provinciales.<\/span><\/p> <p class=\"MsoNormal\"><span lang=\"ES-AR\" style=\"font-size:16.0pt;line-height:115%\">Parque Provincial Loro Hablador<\/span><\/p> <p class=\"MsoNormal\"><span lang=\"ES-AR\" style=\"font-size:12.0pt;line-height:115%\">El Parque Natural Provincial Loro Hablador abarca una superficie de 30.750 hect\u00e1reas y es un \u00e1rea protegida creada en 1989 con el objetivo de mantener y conservar las especies bot\u00e1nicas y zool\u00f3gicas representativas del Chaco semi\u00e1rido, ubicado en El Impenetrable.<\/span><\/p> <p class=\"MsoNormal\"><span lang=\"ES-AR\" style=\"font-size:12.0pt;line-height:115%\">Fue la primera \u00e1rea en el pa\u00eds en constituirse como refugio para la especie Loro Hablador, su principal zona de nidificaci\u00f3n se encuentra en El Impenetrable, ya que ah\u00ed abundan los principales \u00e1rboles donde anida, que son los quebrachos y algarrobos que, adem\u00e1s, le sirven como fuente de alimento.<\/span><\/p> <p class=\"MsoNormal\"><span lang=\"ES-AR\" style=\"font-size:12.0pt;line-height:115%\">Este parque alberga a especies que se encuentran en peligro de extinci\u00f3n como el Tat\u00fa Carreta y el Oso Hormiguero, que han sido declaradas Monumentos Naturales Provinciales. En el lugar tambi\u00e9n habitan Guazunchos, Pecar\u00ed Gargantillo y Moro, Cardenales, Jilgueros, Carpintero Copete Amarillo, Iguana, Lampalagua, Cascabel, Tortuga terrestre y una gran variedad de batracios e insectos, entre otras especies.<\/span><\/p> <p class=\"MsoNormal\"><span lang=\"ES-AR\" style=\"font-size:16.0pt;line-height:115%\">Parque Provincial Fuerte Esperanza<\/span><\/p> <p class=\"MsoNormal\"><span lang=\"ES-AR\" style=\"font-size:12.0pt;line-height:115%\">El Parque Natural Provincial Fuerte Esperanza, es un \u00e1rea protegida que se encuentra en el coraz\u00f3n del Impenetrable (regi\u00f3n Chaco seco), a 2 km de la localidad de Fuerte Esperanza, y a 466 km de la ciudad de Resistencia. <\/span><\/p> <p class=\"MsoNormal\"><span lang=\"ES-AR\" style=\"font-size:12.0pt;line-height:115%\">Cuenta con una superficie de 28.220 hect\u00e1reas, limitando al norte y oeste con la Reserva Aborigen (Reserva Grande), siendo una pieza clave para la conformaci\u00f3n del corredor biol\u00f3gico del Chaco seco, junto con el Parque Natural Provincial Loro Hablador.<\/span><\/p> <p class=\"MsoNormal\"><span lang=\"ES-AR\" style=\"font-size:16.0pt;line-height:115%\">Parque Natural Provincial Pampa del Indio<\/span><\/p> <p class=\"MsoNormal\"><span lang=\"ES-AR\" style=\"font-size:12.0pt;line-height:115%\">Con una superficie de \u00a0superficie de 8.633 la Fauna y la Flora que alberga es abundante y est\u00e1 constituido como uno de los ecosistemas m\u00e1s representativos de la Provincia del Chaco. <\/span><\/p> <p class=\"MsoNormal\"><span lang=\"ES-AR\" style=\"font-size:12.0pt;line-height:115%\">Las caracter\u00edsticas geogr\u00e1ficas y clim\u00e1ticas de la regi\u00f3n han permitido que en esta Reserva habiten el Chancho Moro y Gargantillo, Zorro, Guazuncho, Oso Hormiguero, Tat\u00fa Mulita, Mono, Aguar\u00e1 Guaz\u00fa, Gato Mont\u00e9s, Puma, Loro Hablador, Garza, Tordo, Cardenal, P\u00e1jaro Carpintero, Martineta Colorada y Copetona, Urraca y Perdiz, entre otras especies. Los reptiles juegan un papel importante y son abundantes, destac\u00e1ndose las Boas, Yarar\u00e1, V\u00edbora de la Cruz, Cascabel, etc.<\/span><\/p> <p class=\"MsoNormal\"><span lang=\"ES-AR\" style=\"font-size:12.0pt;line-height:115%\">Su flora con especies propias de la regi\u00f3n, con la presencia del Quebracho Colorado Chaque\u00f1o, Quebracho Blanco, It\u00edn o Carand\u00e1, Algarrobo, Guayac\u00e1n, Mistol, Espina Corona, Guayaib\u00ed Blanco, \u00d1angapir\u00ed, Francisco Alvarez, Tala, Cardo, Bromalesia, Camalote, Achira, Helecho y otros.<\/span><\/p> <p class=\"MsoNormal\"><span lang=\"ES-AR\" style=\"font-size:12.0pt;line-height:115%\">\u00a0<\/span><\/p> <img loading=\"lazy\" decoding=\"async\" width=\"275\" height=\"183\" class=\"wp-image-828\" style=\"width: 150px\" src=\"https:\/\/lalupa24.com.ar\/wp-content\/uploads\/2024\/03\/loro-hablador.jpg\" alt=\"Loro Hablador \" srcset=\"https:\/\/lalupa24.com.ar\/wp-content\/uploads\/2024\/03\/loro-hablador.jpg 275w, https:\/\/lalupa24.com.ar\/wp-content\/uploads\/2024\/03\/loro-hablador-150x100.jpg 150w\" sizes=\"auto, (max-width: 275px) 100vw, 275px\" \/><p class=\"MsoNormal\"><span lang=\"ES-AR\" style=\"font-size:12.0pt;line-height:115%\">\u00a0<\/span><\/p>  <\/p>\n\n\n\n<figure class=\"wp-block-image size-full\"><img loading=\"lazy\" decoding=\"async\" width=\"800\" height=\"534\" src=\"https:\/\/lalupa24.com.ar\/wp-content\/uploads\/2024\/03\/fuerte-esperanza-1.jpg\" alt=\"\" class=\"wp-image-833\" srcset=\"https:\/\/lalupa24.com.ar\/wp-content\/uploads\/2024\/03\/fuerte-esperanza-1.jpg 800w, https:\/\/lalupa24.com.ar\/wp-content\/uploads\/2024\/03\/fuerte-esperanza-1-300x200.jpg 300w, https:\/\/lalupa24.com.ar\/wp-content\/uploads\/2024\/03\/fuerte-esperanza-1-768x513.jpg 768w, https:\/\/lalupa24.com.ar\/wp-content\/uploads\/2024\/03\/fuerte-esperanza-1-150x100.jpg 150w, https:\/\/lalupa24.com.ar\/wp-content\/uploads\/2024\/03\/fuerte-esperanza-1-696x465.jpg 696w\" sizes=\"auto, (max-width: 800px) 100vw, 800px\" \/><\/figure>\n","protected":false},"excerpt":{"rendered":"<p>Cierran parques provinciales por falta de higiene y seguridad<\/p>\n","protected":false},"author":2,"featured_media":831,"comment_status":"open","ping_status":"open","sticky":false,"template":"","format":"standard","meta":{"footnotes":""},"categories":[28],"tags":[],"class_list":{"0":"post-826","1":"post","2":"type-post","3":"status-publish","4":"format-standard","5":"has-post-thumbnail","7":"category-locales"},"aioseo_notices":[],"_links":{"self":[{"href":"https:\/\/lalupa24.com.ar\/index.php\/wp-json\/wp\/v2\/posts\/826","targetHints":{"allow":["GET"]}}],"collection":[{"href":"https:\/\/lalupa24.com.ar\/index.php\/wp-json\/wp\/v2\/posts"}],"about":[{"href":"https:\/\/lalupa24.com.ar\/index.php\/wp-json\/wp\/v2\/types\/post"}],"author":[{"embeddable":true,"href":"https:\/\/lalupa24.com.ar\/index.php\/wp-json\/wp\/v2\/users\/2"}],"replies":[{"embeddable":true,"href":"https:\/\/lalupa24.com.ar\/index.php\/wp-json\/wp\/v2\/comments?post=826"}],"version-history":[{"count":2,"href":"https:\/\/lalupa24.com.ar\/index.php\/wp-json\/wp\/v2\/posts\/826\/revisions"}],"predecessor-version":[{"id":834,"href":"https:\/\/lalupa24.com.ar\/index.php\/wp-json\/wp\/v2\/posts\/826\/revisions\/834"}],"wp:featuredmedia":[{"embeddable":true,"href":"https:\/\/lalupa24.com.ar\/index.php\/wp-json\/wp\/v2\/media\/831"}],"wp:attachment":[{"href":"https:\/\/lalupa24.com.ar\/index.php\/wp-json\/wp\/v2\/media?parent=826"}],"wp:term":[{"taxonomy":"category","embeddable":true,"href":"https:\/\/lalupa24.com.ar\/index.php\/wp-json\/wp\/v2\/categories?post=826"},{"taxonomy":"post_tag","embeddable":true,"href":"https:\/\/lalupa24.com.ar\/index.php\/wp-json\/wp\/v2\/tags?post=826"}],"curies":[{"name":"wp","href":"https:\/\/api.w.org\/{rel}","templated":true}]}}