{"id":8260,"date":"2025-06-10T11:22:20","date_gmt":"2025-06-10T14:22:20","guid":{"rendered":"https:\/\/lalupa24.com.ar\/?p=8260"},"modified":"2025-06-10T11:22:22","modified_gmt":"2025-06-10T14:22:22","slug":"hoy-se-reune-la-corte-y-hay-expectativa-por-la-firma-del-fallo-vialidad-y-la-confirmacion-de-la-condena-contra-cristina","status":"publish","type":"post","link":"https:\/\/lalupa24.com.ar\/index.php\/2025\/06\/10\/hoy-se-reune-la-corte-y-hay-expectativa-por-la-firma-del-fallo-vialidad-y-la-confirmacion-de-la-condena-contra-cristina\/","title":{"rendered":"Hoy se re\u00fane la Corte y hay expectativa por la firma del fallo Vialidad y la confirmaci\u00f3n de la condena contra Cristina"},"content":{"rendered":"\n<p>En el cuarto piso del Palacio de Tribunales, donde tienen sus despachos los tres jueces de la Corte Suprema, ayer no hubo ninguna reuni\u00f3n. Ni siquiera un encuentro informal. Por eso\u00a0<strong>no hay certeza<\/strong>\u00a0<strong>de que en el plenario previsto para hoy se firme la causa Vialidad,<\/strong>\u00a0un caso de enorme impacto pol\u00edtico y judicial. De confirmarse este fallo, la ex presidenta Cristina Fern\u00e1ndez de Kirchner ser\u00e1 condenada a\u00a0<strong>seis a\u00f1os de prisi\u00f3n e inhabilitaci\u00f3n para ejercer cargos p\u00fablicos<\/strong>.<\/p>\n","protected":false},"excerpt":{"rendered":"<p>En el cuarto piso del Palacio de Tribunales, donde tienen sus despachos los tres jueces de la Corte Suprema, ayer no hubo ninguna reuni\u00f3n. Ni siquiera un encuentro informal. Por eso\u00a0no hay certeza\u00a0de que en el plenario previsto para hoy se firme la causa Vialidad,\u00a0un caso de enorme impacto pol\u00edtico y judicial. De confirmarse este [&hellip;]<\/p>\n","protected":false},"author":2,"featured_media":8262,"comment_status":"open","ping_status":"open","sticky":false,"template":"","format":"standard","meta":{"footnotes":""},"categories":[26],"tags":[],"class_list":{"0":"post-8260","1":"post","2":"type-post","3":"status-publish","4":"format-standard","5":"has-post-thumbnail","7":"category-nacionales"},"aioseo_notices":[],"_links":{"self":[{"href":"https:\/\/lalupa24.com.ar\/index.php\/wp-json\/wp\/v2\/posts\/8260","targetHints":{"allow":["GET"]}}],"collection":[{"href":"https:\/\/lalupa24.com.ar\/index.php\/wp-json\/wp\/v2\/posts"}],"about":[{"href":"https:\/\/lalupa24.com.ar\/index.php\/wp-json\/wp\/v2\/types\/post"}],"author":[{"embeddable":true,"href":"https:\/\/lalupa24.com.ar\/index.php\/wp-json\/wp\/v2\/users\/2"}],"replies":[{"embeddable":true,"href":"https:\/\/lalupa24.com.ar\/index.php\/wp-json\/wp\/v2\/comments?post=8260"}],"version-history":[{"count":1,"href":"https:\/\/lalupa24.com.ar\/index.php\/wp-json\/wp\/v2\/posts\/8260\/revisions"}],"predecessor-version":[{"id":8263,"href":"https:\/\/lalupa24.com.ar\/index.php\/wp-json\/wp\/v2\/posts\/8260\/revisions\/8263"}],"wp:featuredmedia":[{"embeddable":true,"href":"https:\/\/lalupa24.com.ar\/index.php\/wp-json\/wp\/v2\/media\/8262"}],"wp:attachment":[{"href":"https:\/\/lalupa24.com.ar\/index.php\/wp-json\/wp\/v2\/media?parent=8260"}],"wp:term":[{"taxonomy":"category","embeddable":true,"href":"https:\/\/lalupa24.com.ar\/index.php\/wp-json\/wp\/v2\/categories?post=8260"},{"taxonomy":"post_tag","embeddable":true,"href":"https:\/\/lalupa24.com.ar\/index.php\/wp-json\/wp\/v2\/tags?post=8260"}],"curies":[{"name":"wp","href":"https:\/\/api.w.org\/{rel}","templated":true}]}}